{"id":35316,"date":"2021-08-10T14:12:01","date_gmt":"2021-08-10T18:12:01","guid":{"rendered":"http:\/\/agendaparaguay.com\/v2\/?p=35316"},"modified":"2021-08-10T16:17:30","modified_gmt":"2021-08-10T20:17:30","slug":"alejandro-ramos-ex-epp-y-lider-del-ejercito-mariscal-lopez-estaria-detenido-en-hospital-de-pjc","status":"publish","type":"post","link":"https:\/\/agendaparaguay.com\/v2\/2021\/08\/10\/alejandro-ramos-ex-epp-y-lider-del-ejercito-mariscal-lopez-estaria-detenido-en-hospital-de-pjc\/","title":{"rendered":"Alejandro Ramos, ex EPP y l\u00edder del Ejercito Mariscal L\u00f3pez estar\u00eda detenido en Hospital de PJC"},"content":{"rendered":"<p style=\"text-align: justify;\">Los primeros reportes provenientes de Amambay se\u00f1alan que Alejandro Ramos, ex miembro del grupo criminal Ej\u00e9rcito del Pueblo Paraguayo, EPP y fundador del Ej\u00e9rcito Mariscal L\u00f3pez se encuentra internado en el Hospital Regional de Pedro Juan Caballero.<!--more--><\/p>\n<p style=\"text-align: justify;\">En este marco, las autoridades policiales y miembros del Ministerio P\u00fablico se encuentran en el sitio, corroborando la identidad del internado.<\/p>\n<p style=\"text-align: justify;\">Se\u00f1alan que el hombre se encuentra en delicado estado e internado desde hace varios d\u00edas en el hospital regional. Se aguarda la confirmaci\u00f3n oficial de dicha detenci\u00f3n por parte de las autoridades policiales.<\/p>\n","protected":false},"excerpt":{"rendered":"<p>Los primeros reportes provenientes de Amambay se\u00f1alan que Alejandro Ramos, ex miembro del grupo criminal Ej\u00e9rcito del Pueblo Paraguayo, EPP y fundador del Ej\u00e9rcito Mariscal L\u00f3pez se encuentra internado en&hellip; <\/p>\n","protected":false},"author":1,"featured_media":35317,"comment_status":"closed","ping_status":"open","sticky":false,"template":"","format":"standard","meta":{"sfsi_plus_gutenberg_text_before_share":"","sfsi_plus_gutenberg_show_text_before_share":"","sfsi_plus_gutenberg_icon_type":"","sfsi_plus_gutenberg_icon_alignemt":"","sfsi_plus_gutenburg_max_per_row":"","footnotes":"","_jetpack_memberships_contains_paid_content":false,"jetpack_publicize_message":"","jetpack_publicize_feature_enabled":true,"jetpack_social_post_already_shared":true,"jetpack_social_options":{"image_generator_settings":{"template":"highway","enabled":false},"version":2}},"categories":[5],"tags":[],"jetpack_publicize_connections":[],"jetpack_sharing_enabled":true,"jetpack_featured_media_url":"https:\/\/agendaparaguay.com\/v2\/wp-content\/uploads\/2021\/08\/alejandro_ramos.jpg","_links":{"self":[{"href":"https:\/\/agendaparaguay.com\/v2\/wp-json\/wp\/v2\/posts\/35316"}],"collection":[{"href":"https:\/\/agendaparaguay.com\/v2\/wp-json\/wp\/v2\/posts"}],"about":[{"href":"https:\/\/agendaparaguay.com\/v2\/wp-json\/wp\/v2\/types\/post"}],"author":[{"embeddable":true,"href":"https:\/\/agendaparaguay.com\/v2\/wp-json\/wp\/v2\/users\/1"}],"replies":[{"embeddable":true,"href":"https:\/\/agendaparaguay.com\/v2\/wp-json\/wp\/v2\/comments?post=35316"}],"version-history":[{"count":2,"href":"https:\/\/agendaparaguay.com\/v2\/wp-json\/wp\/v2\/posts\/35316\/revisions"}],"predecessor-version":[{"id":35321,"href":"https:\/\/agendaparaguay.com\/v2\/wp-json\/wp\/v2\/posts\/35316\/revisions\/35321"}],"wp:featuredmedia":[{"embeddable":true,"href":"https:\/\/agendaparaguay.com\/v2\/wp-json\/wp\/v2\/media\/35317"}],"wp:attachment":[{"href":"https:\/\/agendaparaguay.com\/v2\/wp-json\/wp\/v2\/media?parent=35316"}],"wp:term":[{"taxonomy":"category","embeddable":true,"href":"https:\/\/agendaparaguay.com\/v2\/wp-json\/wp\/v2\/categories?post=35316"},{"taxonomy":"post_tag","embeddable":true,"href":"https:\/\/agendaparaguay.com\/v2\/wp-json\/wp\/v2\/tags?post=35316"}],"curies":[{"name":"wp","href":"https:\/\/api.w.org\/{rel}","templated":true}]}}