{"id":35385,"date":"2021-08-12T14:00:16","date_gmt":"2021-08-12T18:00:16","guid":{"rendered":"http:\/\/agendaparaguay.com\/v2\/?p=35385"},"modified":"2021-08-12T21:27:44","modified_gmt":"2021-08-13T01:27:44","slug":"senado-acepta-version-de-diputados-sobre-aumento-salarial-a-docentes-y-enfermeros","status":"publish","type":"post","link":"https:\/\/agendaparaguay.com\/v2\/2021\/08\/12\/senado-acepta-version-de-diputados-sobre-aumento-salarial-a-docentes-y-enfermeros\/","title":{"rendered":"Senado acepta versi\u00f3n de Diputados sobre aumento salarial a docentes y enfermeros"},"content":{"rendered":"<p>La c\u00e1mara de Senadores en sesi\u00f3n extraordinaria acept\u00f3 las modificaciones introducidas por los Diputados en lo que hace al aumento salarial a docentes y enfermeros en el marco de la sanci\u00f3n de la ley \u201cQue establece medidas transitorias de consolidaci\u00f3n econ\u00f3mica y de contenci\u00f3n social, para mitigar el impacto de la pandemia de la covid-19 o coronavirus\u201d.<\/p>\n<p>Se trata de la modificaci\u00f3n del el art\u00edculo 4\u00b0, inciso e), con lo que except\u00faan a docentes y personal de enfermer\u00eda, de la prohibici\u00f3n de aumentos salariales.<\/p>\n<p>En cuanto al art\u00edculo 20, incisos B y C el pleno de Senadores se ratific\u00f3 en su versi\u00f3n inicial de destinar un monto de millones de d\u00f3lares para ollas populares.<\/p>\n<p>Los Diputados hab\u00eda modificado este art\u00edculo distribuyendo los cinco millones de d\u00f3lares de la siguiente manera: un mill\u00f3n para el INDI; un mill\u00f3n al Cr\u00e9dito Agr\u00edcola de Habilitaci\u00f3n (CAH); y tres millones al Ministerio de Urbanismo Vivienda y H\u00e1bitat, para ejecuci\u00f3n de proyectos de viviendas sociales. El documento ser\u00e1 nuevamente devuelto a la c\u00e1mara de Diputados.<\/p>\n<p>&nbsp;<\/p>\n","protected":false},"excerpt":{"rendered":"<p>La c\u00e1mara de Senadores en sesi\u00f3n extraordinaria acept\u00f3 las modificaciones introducidas por los Diputados en lo que hace al aumento salarial a docentes y enfermeros en el marco de la&hellip; <\/p>\n","protected":false},"author":1,"featured_media":35386,"comment_status":"closed","ping_status":"open","sticky":false,"template":"","format":"standard","meta":{"sfsi_plus_gutenberg_text_before_share":"","sfsi_plus_gutenberg_show_text_before_share":"","sfsi_plus_gutenberg_icon_type":"","sfsi_plus_gutenberg_icon_alignemt":"","sfsi_plus_gutenburg_max_per_row":"","footnotes":"","_jetpack_memberships_contains_paid_content":false,"jetpack_publicize_message":"","jetpack_publicize_feature_enabled":true,"jetpack_social_post_already_shared":true,"jetpack_social_options":{"image_generator_settings":{"template":"highway","enabled":false},"version":2}},"categories":[3],"tags":[],"jetpack_publicize_connections":[],"jetpack_sharing_enabled":true,"jetpack_featured_media_url":"https:\/\/agendaparaguay.com\/v2\/wp-content\/uploads\/2021\/08\/cachito_pleno_senado.jpg","_links":{"self":[{"href":"https:\/\/agendaparaguay.com\/v2\/wp-json\/wp\/v2\/posts\/35385"}],"collection":[{"href":"https:\/\/agendaparaguay.com\/v2\/wp-json\/wp\/v2\/posts"}],"about":[{"href":"https:\/\/agendaparaguay.com\/v2\/wp-json\/wp\/v2\/types\/post"}],"author":[{"embeddable":true,"href":"https:\/\/agendaparaguay.com\/v2\/wp-json\/wp\/v2\/users\/1"}],"replies":[{"embeddable":true,"href":"https:\/\/agendaparaguay.com\/v2\/wp-json\/wp\/v2\/comments?post=35385"}],"version-history":[{"count":1,"href":"https:\/\/agendaparaguay.com\/v2\/wp-json\/wp\/v2\/posts\/35385\/revisions"}],"predecessor-version":[{"id":35387,"href":"https:\/\/agendaparaguay.com\/v2\/wp-json\/wp\/v2\/posts\/35385\/revisions\/35387"}],"wp:featuredmedia":[{"embeddable":true,"href":"https:\/\/agendaparaguay.com\/v2\/wp-json\/wp\/v2\/media\/35386"}],"wp:attachment":[{"href":"https:\/\/agendaparaguay.com\/v2\/wp-json\/wp\/v2\/media?parent=35385"}],"wp:term":[{"taxonomy":"category","embeddable":true,"href":"https:\/\/agendaparaguay.com\/v2\/wp-json\/wp\/v2\/categories?post=35385"},{"taxonomy":"post_tag","embeddable":true,"href":"https:\/\/agendaparaguay.com\/v2\/wp-json\/wp\/v2\/tags?post=35385"}],"curies":[{"name":"wp","href":"https:\/\/api.w.org\/{rel}","templated":true}]}}