{"id":35396,"date":"2021-08-12T22:31:11","date_gmt":"2021-08-13T02:31:11","guid":{"rendered":"http:\/\/agendaparaguay.com\/v2\/?p=35396"},"modified":"2021-08-12T22:31:11","modified_gmt":"2021-08-13T02:31:11","slug":"otro-golpe-de-la-dictadura-de-ortega-en-nicaragua-la-prensa-deja-de-circular-por-retencion-de-insumos","status":"publish","type":"post","link":"https:\/\/agendaparaguay.com\/v2\/2021\/08\/12\/otro-golpe-de-la-dictadura-de-ortega-en-nicaragua-la-prensa-deja-de-circular-por-retencion-de-insumos\/","title":{"rendered":"Otro golpe de la dictadura de Ortega en Nicaragua: La Prensa deja de circular por retenci\u00f3n de insumos"},"content":{"rendered":"<p style=\"text-align: justify;\">El diario La Prensa de Nicaragua, cr\u00edtico de la dictadura de Daniel Ortega, anunci\u00f3 el jueves que dejar\u00e1 de circular debido a que las autoridades aduaneras bloquearon la importaci\u00f3n de papel. \u201cUna vez m\u00e1s la dictadura Ortega-Murillo nos ha retenido el papel. Mientras no liberen nuestros insumos no podremos circular en edici\u00f3n impresa\u201d, denunci\u00f3 el casi centenario peri\u00f3dico en la portada de su \u00faltimo tiraje.<!--more--><\/p>\n<p style=\"text-align: justify;\">Indic\u00f3 que mientras tanto seguir\u00e1 publicando en su p\u00e1gina web y en las redes sociales, \u201cbrindando noticias y denunciando los atropellos del r\u00e9gimen contra la democracia\u201d. El papel est\u00e1 en el pa\u00eds pero es retenido por la aduana del r\u00e9gimen.<\/p>\n<p style=\"text-align: justify;\">La medida afecta tambi\u00e9n al peri\u00f3dico Hoy, una publicaci\u00f3n popular que se imprime en la misma rotativa y que tampoco circul\u00f3 esta ma\u00f1ana. Esta es la tercera vez que La Prensa deja de circular por el bloqueo de papel y tinta en la aduana. Otras retenciones ocurrieron en 2018 tras las protestas sociales contra Ortega, quien acus\u00f3 a la prensa independiente de apoyar lo que llam\u00f3 un \u201cfallido golpe de Estado\u201d.<\/p>\n<p style=\"text-align: justify;\">Entre 2018 y 2019 el diario dej\u00f3 de circular durante 500 d\u00edas. La retenci\u00f3n de insumos le caus\u00f3 enormes p\u00e9rdidas econ\u00f3micas y oblig\u00f3 al despido de periodistas y personal administrativo, informaron sus directivos. Fundada en 1926, La Prensa es el \u00fanico peri\u00f3dico impreso que circula en Nicaragua despu\u00e9s de que el matutino El Nuevo Diario, tambi\u00e9n cr\u00edtico del gobierno, cerr\u00f3 definitivamente por una crisis econ\u00f3mica en 2019.<\/p>\n<p style=\"text-align: justify;\">Nicaragua tendr\u00e1 elecciones el 7 de noviembre en las que Ortega y su esposa, la vicepresidenta Rosario Murillo, buscar\u00e1n reelegirse en sus cargos tras haber encarcelado a los siete principales aspirantes opositores a la presidencia.<\/p>\n<p style=\"text-align: justify;\">Ser\u00eda el quinto mandato de cinco a\u00f1os de Ortega desde 1985 (el cuarto de forma consecutiva desde 2007) y el segundo de Murillo como vicepresidenta.<\/p>\n<p style=\"text-align: justify;\">El editorial del medio<\/p>\n<p style=\"text-align: justify;\">El diario nicarag\u00fcense inform\u00f3 a su audiencia en su sitio web qu\u00e9 hab\u00eda pasado con la edici\u00f3n de este jueves.<\/p>\n<p style=\"text-align: justify;\">El diario LA PRENSA no se ha podido imprimir completa en papel, hoy 12 de agosto de 2021. La hemos tenido que reducir a 8 p\u00e1ginas, porque la Direcci\u00f3n General de Aduanas (DGA) arbitrariamente no autoriza la entrega del papel que est\u00e1 embodegado en el almac\u00e9n fiscal.<\/p>\n<p style=\"text-align: justify;\">Por esa misma raz\u00f3n no se ha podido imprimir el peri\u00f3dico Hoy, que pertenece al Grupo Editorial LA PRENSA S.A. Ofrecemos a los lectores de ambos peri\u00f3dicos nuestras disculpas por este inconveniente, apelando a su comprensi\u00f3n de que no es nuestra la culpa, sino del Gobierno.<\/p>\n<p style=\"text-align: justify;\">No es la primera vez que el r\u00e9gimen de Daniel Ortega nos causa esta dificultad que afecta tambi\u00e9n a los lectores y anunciantes de LA PRENSA y el peri\u00f3dico Hoy. Desde que Ortega recuper\u00f3 el poder, en enero de 2007, hemos venido sufriendo m\u00faltiples dificultades entre ellas la retenci\u00f3n y retrasos en la entrega del papel embodegado.<\/p>\n<p style=\"text-align: justify;\">En el per\u00edodo de 2018 a 2020, el papel y otros insumos indispensables para la impresi\u00f3n de LA PRENSA fueron retenidos durante 75 semanas. El r\u00e9gimen solo los liber\u00f3 hasta que el nuncio apost\u00f3lico en Nicaragua, monse\u00f1or Waldemar Stanislaw Sommertag, medi\u00f3 generosamente ante la autoridad superior del Gobierno. En este a\u00f1o 2021, el papel fue retenido de nuevo, durante varias semanas, hasta que fue liberado el 10 de junio pasado. Pero ahora estamos otra vez con el mismo problema que es una forma de censura de prensa de hecho.<\/p>\n<p style=\"text-align: justify;\">Es que no hay ninguna justificaci\u00f3n para que se retenga el papel de LA PRENSA. El art\u00edculo 68 de la Constituci\u00f3n de Nicaragua establece que la importaci\u00f3n de papel estar\u00e1 exenta \u201cde toda clase de impuestos municipales, regionales y fiscales\u201d. El problema consiste, seg\u00fan explic\u00f3 en junio pasado el secretario de la Junta Directiva de LA PRENSA, Juan Lorenzo Holmann Chamorro, en que despu\u00e9s de que llega el papel en barco a Nicaragua, \u201cno es liberado en tiempo y forma, como manda la ley\u201d. Al llegar el papel al puerto es trasladado al almac\u00e9n fiscal y se hace la solicitud de exoneraci\u00f3n que de acuerdo con la ley deber\u00eda ser aprobada de manera expedita, de un d\u00eda para otro, o a m\u00e1s tardar en un plazo de 10 d\u00edas h\u00e1biles. \u201cPero todo lo que hemos visto\u201d, se\u00f1al\u00f3 Juan Lorenzo Holmann en aquella ocasi\u00f3n, \u201clo que nos ha pasado \u00faltimamente, (es que) se pasa m\u00e1s de los diez d\u00edas que manda la ley\u201d. Esa es la causa del problema de falta de papel que est\u00e1 sufriendo ahora LA PRENSA y lo ha sufrido en ocasiones anteriores.<\/p>\n<p style=\"text-align: justify;\">Sin embargo, no por eso LA PRENSA dejar\u00e1 de llegar a sus lectores con la informaci\u00f3n de calidad, veraz y responsable que la distingue. Seguir\u00e1 public\u00e1ndose en su edici\u00f3n en internet que, dicho sea de paso, se ajusta a los m\u00e1s altos est\u00e1ndares de calidad del periodismo digital internacional. La informaci\u00f3n no se puede retener, es imposible ocultar la verdad. Adem\u00e1s, las personas, las organizaciones, las empresas, la sociedad en general necesitan estar informadas, pero no de cualquier manera sino con la informaci\u00f3n verificada y contrastada que ofrece un periodismo serio como el de LA PRENSA.<\/p>\n<p style=\"text-align: justify;\">Los nicarag\u00fcenses tienen derecho a pensar e informarse libremente, a tomar sus propias decisiones basados en informaci\u00f3n calificada.<\/p>\n<p style=\"text-align: justify;\">Denunciamos ante la Sociedad Interamericana de Prensa (SIP), las organizaciones defensoras de la libertad de informaci\u00f3n y expresi\u00f3n, y toda la comunidad democr\u00e1tica internacional, esta violaci\u00f3n de la libertad de informaci\u00f3n y modalidad de censura de prensa que estamos sufriendo en Nicaragua. Y apelamos a su solidaridad.<\/p>\n<p style=\"text-align: justify;\">A los nicarag\u00fcenses democr\u00e1ticos y de buena voluntad les pedimos apoyar a LA PRENSA que sufre esta ma\u00f1osa forma de censura, suscribi\u00e9ndose a su edici\u00f3n digital. Y a las empresas las animamos a respaldarnos anunci\u00e1ndose m\u00e1s en este Diario.<\/p>\n<p style=\"text-align: justify;\">La libertad de prensa y la informaci\u00f3n veraz es el ox\u00edgeno de la libertad y la democracia. Sin una prensa libre y de calidad la sociedad no puede respirar, como Alvarito Conrado, el legendario ni\u00f1o h\u00e9roe y m\u00e1rtir democr\u00e1tico de Nicaragua.<\/p>\n<p>Fuente: Infobae.com<\/p>\n","protected":false},"excerpt":{"rendered":"<p>El diario La Prensa de Nicaragua, cr\u00edtico de la dictadura de Daniel Ortega, anunci\u00f3 el jueves que dejar\u00e1 de circular debido a que las autoridades aduaneras bloquearon la importaci\u00f3n de&hellip; <\/p>\n","protected":false},"author":1,"featured_media":33834,"comment_status":"closed","ping_status":"open","sticky":false,"template":"","format":"standard","meta":{"sfsi_plus_gutenberg_text_before_share":"","sfsi_plus_gutenberg_show_text_before_share":"","sfsi_plus_gutenberg_icon_type":"","sfsi_plus_gutenberg_icon_alignemt":"","sfsi_plus_gutenburg_max_per_row":"","footnotes":"","_jetpack_memberships_contains_paid_content":false,"jetpack_publicize_message":"","jetpack_publicize_feature_enabled":true,"jetpack_social_post_already_shared":true,"jetpack_social_options":{"image_generator_settings":{"template":"highway","enabled":false},"version":2}},"categories":[6],"tags":[],"jetpack_publicize_connections":[],"jetpack_sharing_enabled":true,"jetpack_featured_media_url":"https:\/\/agendaparaguay.com\/v2\/wp-content\/uploads\/2021\/06\/daniel_ortega.jpg","_links":{"self":[{"href":"https:\/\/agendaparaguay.com\/v2\/wp-json\/wp\/v2\/posts\/35396"}],"collection":[{"href":"https:\/\/agendaparaguay.com\/v2\/wp-json\/wp\/v2\/posts"}],"about":[{"href":"https:\/\/agendaparaguay.com\/v2\/wp-json\/wp\/v2\/types\/post"}],"author":[{"embeddable":true,"href":"https:\/\/agendaparaguay.com\/v2\/wp-json\/wp\/v2\/users\/1"}],"replies":[{"embeddable":true,"href":"https:\/\/agendaparaguay.com\/v2\/wp-json\/wp\/v2\/comments?post=35396"}],"version-history":[{"count":1,"href":"https:\/\/agendaparaguay.com\/v2\/wp-json\/wp\/v2\/posts\/35396\/revisions"}],"predecessor-version":[{"id":35397,"href":"https:\/\/agendaparaguay.com\/v2\/wp-json\/wp\/v2\/posts\/35396\/revisions\/35397"}],"wp:featuredmedia":[{"embeddable":true,"href":"https:\/\/agendaparaguay.com\/v2\/wp-json\/wp\/v2\/media\/33834"}],"wp:attachment":[{"href":"https:\/\/agendaparaguay.com\/v2\/wp-json\/wp\/v2\/media?parent=35396"}],"wp:term":[{"taxonomy":"category","embeddable":true,"href":"https:\/\/agendaparaguay.com\/v2\/wp-json\/wp\/v2\/categories?post=35396"},{"taxonomy":"post_tag","embeddable":true,"href":"https:\/\/agendaparaguay.com\/v2\/wp-json\/wp\/v2\/tags?post=35396"}],"curies":[{"name":"wp","href":"https:\/\/api.w.org\/{rel}","templated":true}]}}