{"id":35402,"date":"2021-08-13T09:44:20","date_gmt":"2021-08-13T13:44:20","guid":{"rendered":"http:\/\/agendaparaguay.com\/v2\/?p=35402"},"modified":"2021-08-13T10:49:22","modified_gmt":"2021-08-13T14:49:22","slug":"objetivo-de-salud-publica-es-llegar-a-1-500-000-personas-con-la-segunda-dosis-para-fin-de-mes","status":"publish","type":"post","link":"https:\/\/agendaparaguay.com\/v2\/2021\/08\/13\/objetivo-de-salud-publica-es-llegar-a-1-500-000-personas-con-la-segunda-dosis-para-fin-de-mes\/","title":{"rendered":"Objetivo de salud p\u00fablica es llegar a 1.500.000 personas con la segunda dosis para fin de mes"},"content":{"rendered":"<p style=\"text-align: justify;\">\u00abPor lo menos hasta fin de mes seguiremos con segundas dosis porque tenemos una poblaci\u00f3n muy importante todav\u00eda a\u00fan pendiente de esa vacunaci\u00f3n\u00bb, expres\u00f3 hoy el ministro de Salud, Julio Borba en declaraciones a la 730 am.<!--more--><\/p>\n<p style=\"text-align: justify;\">El secretario de estado explic\u00f3 que el objetivo de la cartera sanitaria es cerrar este mes de agosto con al menos 1.500.000 personas con las dos dosis de vacunas contra el COVID19.<\/p>\n<p style=\"text-align: justify;\">Indico que, a la fecha, son 2.300.000 personas las que ya recibieron una dosis, y 1.000.000 ya recibi\u00f3 ambas dosis, por lo que quedar\u00eda 500.000 m\u00e1s que inmunizar con la segunda dosis en lo que resta del mes de agosto.<\/p>\n<p style=\"text-align: justify;\">Adem\u00e1s, el Ministerio de Salud contempla establecer un d\u00eda exclusivo para los rezagados en esa aplicaci\u00f3n, tal como se realiz\u00f3 en otras oportunidades con positivos resultados.<\/p>\n<p style=\"text-align: justify;\">Resalt\u00f3 que los 4,5 millones de personas que son la poblaci\u00f3n objetivo para inmunizar, son 2,6 los que se inscribieron en la plataforma, y de esta cantidad, 2,3 millones ya recibieron al menos una dosis de los biol\u00f3gicos.<\/p>\n","protected":false},"excerpt":{"rendered":"<p>\u00abPor lo menos hasta fin de mes seguiremos con segundas dosis porque tenemos una poblaci\u00f3n muy importante todav\u00eda a\u00fan pendiente de esa vacunaci\u00f3n\u00bb, expres\u00f3 hoy el ministro de Salud, Julio&hellip; <\/p>\n","protected":false},"author":1,"featured_media":34422,"comment_status":"closed","ping_status":"open","sticky":false,"template":"","format":"standard","meta":{"sfsi_plus_gutenberg_text_before_share":"","sfsi_plus_gutenberg_show_text_before_share":"","sfsi_plus_gutenberg_icon_type":"","sfsi_plus_gutenberg_icon_alignemt":"","sfsi_plus_gutenburg_max_per_row":"","footnotes":"","_jetpack_memberships_contains_paid_content":false,"jetpack_publicize_message":"","jetpack_publicize_feature_enabled":true,"jetpack_social_post_already_shared":true,"jetpack_social_options":{"image_generator_settings":{"template":"highway","enabled":false},"version":2}},"categories":[5],"tags":[],"jetpack_publicize_connections":[],"jetpack_sharing_enabled":true,"jetpack_featured_media_url":"https:\/\/agendaparaguay.com\/v2\/wp-content\/uploads\/2021\/07\/julio_borba_3.jpg","_links":{"self":[{"href":"https:\/\/agendaparaguay.com\/v2\/wp-json\/wp\/v2\/posts\/35402"}],"collection":[{"href":"https:\/\/agendaparaguay.com\/v2\/wp-json\/wp\/v2\/posts"}],"about":[{"href":"https:\/\/agendaparaguay.com\/v2\/wp-json\/wp\/v2\/types\/post"}],"author":[{"embeddable":true,"href":"https:\/\/agendaparaguay.com\/v2\/wp-json\/wp\/v2\/users\/1"}],"replies":[{"embeddable":true,"href":"https:\/\/agendaparaguay.com\/v2\/wp-json\/wp\/v2\/comments?post=35402"}],"version-history":[{"count":1,"href":"https:\/\/agendaparaguay.com\/v2\/wp-json\/wp\/v2\/posts\/35402\/revisions"}],"predecessor-version":[{"id":35403,"href":"https:\/\/agendaparaguay.com\/v2\/wp-json\/wp\/v2\/posts\/35402\/revisions\/35403"}],"wp:featuredmedia":[{"embeddable":true,"href":"https:\/\/agendaparaguay.com\/v2\/wp-json\/wp\/v2\/media\/34422"}],"wp:attachment":[{"href":"https:\/\/agendaparaguay.com\/v2\/wp-json\/wp\/v2\/media?parent=35402"}],"wp:term":[{"taxonomy":"category","embeddable":true,"href":"https:\/\/agendaparaguay.com\/v2\/wp-json\/wp\/v2\/categories?post=35402"},{"taxonomy":"post_tag","embeddable":true,"href":"https:\/\/agendaparaguay.com\/v2\/wp-json\/wp\/v2\/tags?post=35402"}],"curies":[{"name":"wp","href":"https:\/\/api.w.org\/{rel}","templated":true}]}}