{"id":35713,"date":"2021-08-24T14:30:35","date_gmt":"2021-08-24T18:30:35","guid":{"rendered":"http:\/\/agendaparaguay.com\/v2\/?p=35713"},"modified":"2021-08-24T21:00:01","modified_gmt":"2021-08-25T01:00:01","slug":"constitucionales-emitio-dos-dictamenes-sobre-voto-censura-al-presidente-de-conajzar","status":"publish","type":"post","link":"https:\/\/agendaparaguay.com\/v2\/2021\/08\/24\/constitucionales-emitio-dos-dictamenes-sobre-voto-censura-al-presidente-de-conajzar\/","title":{"rendered":"Constitucionales emiti\u00f3 dos dict\u00e1menes sobre voto censura al presidente de CONAJZAR"},"content":{"rendered":"<p style=\"text-align: justify;\">La Comisi\u00f3n de Asuntos Constitucionales del Senado que preside el senador Mart\u00edn Ar\u00e9valo, se reuni\u00f3 de manera virtual para an\u00e1lisis de numerosos puntos; entre ellos, el proyecto de Resoluci\u00f3n que considera insatisfactorias las respuestas del se\u00f1or Jos\u00e9 Antonio Ortiz B\u00e1ez, presidente de la CONAJZAR y emite el voto censura contra el mismo.<!--more--><\/p>\n<p style=\"text-align: justify;\">En un breve debate entre los legisladores presentes, se dio lectura al documento firmado por los senadores Antonio Barrios, Blas Lanzoni, Blas Llano, Carlos Filizzola, Carlos G\u00f3mez Zelada, Desir\u00e9e Masi, Enrique Bacchetta, Esperanza Mart\u00ednez, Eusebio Ram\u00f3n Ayala, Fernando Lugo, Fernando Silva Facetti, Fidel Zavala, Georgia Arr\u00faa, Hugo Richer, Jorge Querey, Juan Bartolom\u00e9 Ram\u00edrez, Juan Carlos Galaverna, Miguel Fulgencio Rodr\u00edguez, Pedro Santa Cruz, Enrique Salyn Buzarquis, Sergio Godoy, Sixto Pereira, Stephan Rasmussen, V\u00edctor R\u00edos y Zulma G\u00f3mez.<\/p>\n<p style=\"text-align: justify;\">Al respecto, se emitieron dos dict\u00e1menes; uno por la aprobaci\u00f3n y otro, por el sentido del rechazo, atendiendo el parecer y la posici\u00f3n de la senadora Lilian Samaniego, manifestada en durante la reuni\u00f3n.<\/p>\n<p style=\"text-align: justify;\">Ambos pareceres ser\u00e1n expuestos en la sesi\u00f3n extraordinaria del Senado, convocada por el presidente, Oscar Salom\u00f3n para el jueves 26 de agosto, a las 8:30 Hs. Fuente: Senado<\/p>\n","protected":false},"excerpt":{"rendered":"<p>La Comisi\u00f3n de Asuntos Constitucionales del Senado que preside el senador Mart\u00edn Ar\u00e9valo, se reuni\u00f3 de manera virtual para an\u00e1lisis de numerosos puntos; entre ellos, el proyecto de Resoluci\u00f3n que&hellip; <\/p>\n","protected":false},"author":1,"featured_media":35714,"comment_status":"closed","ping_status":"open","sticky":false,"template":"","format":"standard","meta":{"sfsi_plus_gutenberg_text_before_share":"","sfsi_plus_gutenberg_show_text_before_share":"","sfsi_plus_gutenberg_icon_type":"","sfsi_plus_gutenberg_icon_alignemt":"","sfsi_plus_gutenburg_max_per_row":"","footnotes":"","_jetpack_memberships_contains_paid_content":false,"jetpack_publicize_message":"","jetpack_publicize_feature_enabled":true,"jetpack_social_post_already_shared":true,"jetpack_social_options":{"image_generator_settings":{"template":"highway","enabled":false},"version":2}},"categories":[3],"tags":[],"jetpack_publicize_connections":[],"jetpack_sharing_enabled":true,"jetpack_featured_media_url":"https:\/\/agendaparaguay.com\/v2\/wp-content\/uploads\/2021\/08\/comision_asuntos_constitucionales.jpg","_links":{"self":[{"href":"https:\/\/agendaparaguay.com\/v2\/wp-json\/wp\/v2\/posts\/35713"}],"collection":[{"href":"https:\/\/agendaparaguay.com\/v2\/wp-json\/wp\/v2\/posts"}],"about":[{"href":"https:\/\/agendaparaguay.com\/v2\/wp-json\/wp\/v2\/types\/post"}],"author":[{"embeddable":true,"href":"https:\/\/agendaparaguay.com\/v2\/wp-json\/wp\/v2\/users\/1"}],"replies":[{"embeddable":true,"href":"https:\/\/agendaparaguay.com\/v2\/wp-json\/wp\/v2\/comments?post=35713"}],"version-history":[{"count":1,"href":"https:\/\/agendaparaguay.com\/v2\/wp-json\/wp\/v2\/posts\/35713\/revisions"}],"predecessor-version":[{"id":35715,"href":"https:\/\/agendaparaguay.com\/v2\/wp-json\/wp\/v2\/posts\/35713\/revisions\/35715"}],"wp:featuredmedia":[{"embeddable":true,"href":"https:\/\/agendaparaguay.com\/v2\/wp-json\/wp\/v2\/media\/35714"}],"wp:attachment":[{"href":"https:\/\/agendaparaguay.com\/v2\/wp-json\/wp\/v2\/media?parent=35713"}],"wp:term":[{"taxonomy":"category","embeddable":true,"href":"https:\/\/agendaparaguay.com\/v2\/wp-json\/wp\/v2\/categories?post=35713"},{"taxonomy":"post_tag","embeddable":true,"href":"https:\/\/agendaparaguay.com\/v2\/wp-json\/wp\/v2\/tags?post=35713"}],"curies":[{"name":"wp","href":"https:\/\/api.w.org\/{rel}","templated":true}]}}