{"id":35746,"date":"2021-08-25T13:44:18","date_gmt":"2021-08-25T17:44:18","guid":{"rendered":"http:\/\/agendaparaguay.com\/v2\/?p=35746"},"modified":"2021-08-25T13:44:18","modified_gmt":"2021-08-25T17:44:18","slug":"juez-ordena-prision-preventiva-de-kassem-mohamad-hijazi","status":"publish","type":"post","link":"https:\/\/agendaparaguay.com\/v2\/2021\/08\/25\/juez-ordena-prision-preventiva-de-kassem-mohamad-hijazi\/","title":{"rendered":"Juez ordena prisi\u00f3n preventiva de Kassem Mohamad Hijazi"},"content":{"rendered":"<p style=\"text-align: justify;\">Kassem Mohamad Hijazi deber\u00e1 guardar prisi\u00f3n preventiva, mientras duren los tr\u00e1mites de extradici\u00f3n a Estados Unidos, por disposici\u00f3n del juez Jos\u00e9 Agust\u00edn Delm\u00e1s.<!--more--><\/p>\n<p style=\"text-align: justify;\">Cabe destacar que el ciudadano brasile\u00f1o de origen liban\u00e9s detenido en la v\u00edspera rechaz\u00f3 la extradici\u00f3n abreviada por lo que el magistrado tom\u00f3 la determinaci\u00f3n de ordenar su prisi\u00f3n en la Agrupaci\u00f3n Especializada.<\/p>\n<p style=\"text-align: justify;\">El pedido de prisi\u00f3n preventiva fue planteado por el agente fiscal Marcelo Pecci ante el temor de fuga.<\/p>\n<p style=\"text-align: justify;\">El mismo es sindicado como l\u00edder de una organizaci\u00f3n dedicada al lavado de dinero proveniente del narcotr\u00e1fico y el crimen organizado, tanto en Estados Unidos como en Sudam\u00e9rica.<\/p>\n","protected":false},"excerpt":{"rendered":"<p>Kassem Mohamad Hijazi deber\u00e1 guardar prisi\u00f3n preventiva, mientras duren los tr\u00e1mites de extradici\u00f3n a Estados Unidos, por disposici\u00f3n del juez Jos\u00e9 Agust\u00edn Delm\u00e1s.<\/p>\n","protected":false},"author":1,"featured_media":35700,"comment_status":"closed","ping_status":"open","sticky":false,"template":"","format":"standard","meta":{"sfsi_plus_gutenberg_text_before_share":"","sfsi_plus_gutenberg_show_text_before_share":"","sfsi_plus_gutenberg_icon_type":"","sfsi_plus_gutenberg_icon_alignemt":"","sfsi_plus_gutenburg_max_per_row":"","footnotes":"","_jetpack_memberships_contains_paid_content":false,"jetpack_publicize_message":"","jetpack_publicize_feature_enabled":true,"jetpack_social_post_already_shared":true,"jetpack_social_options":{"image_generator_settings":{"template":"highway","enabled":false},"version":2}},"categories":[5],"tags":[],"jetpack_publicize_connections":[],"jetpack_sharing_enabled":true,"jetpack_featured_media_url":"https:\/\/agendaparaguay.com\/v2\/wp-content\/uploads\/2021\/08\/detencion_caso_fiscal_pecci.jpg","_links":{"self":[{"href":"https:\/\/agendaparaguay.com\/v2\/wp-json\/wp\/v2\/posts\/35746"}],"collection":[{"href":"https:\/\/agendaparaguay.com\/v2\/wp-json\/wp\/v2\/posts"}],"about":[{"href":"https:\/\/agendaparaguay.com\/v2\/wp-json\/wp\/v2\/types\/post"}],"author":[{"embeddable":true,"href":"https:\/\/agendaparaguay.com\/v2\/wp-json\/wp\/v2\/users\/1"}],"replies":[{"embeddable":true,"href":"https:\/\/agendaparaguay.com\/v2\/wp-json\/wp\/v2\/comments?post=35746"}],"version-history":[{"count":1,"href":"https:\/\/agendaparaguay.com\/v2\/wp-json\/wp\/v2\/posts\/35746\/revisions"}],"predecessor-version":[{"id":35747,"href":"https:\/\/agendaparaguay.com\/v2\/wp-json\/wp\/v2\/posts\/35746\/revisions\/35747"}],"wp:featuredmedia":[{"embeddable":true,"href":"https:\/\/agendaparaguay.com\/v2\/wp-json\/wp\/v2\/media\/35700"}],"wp:attachment":[{"href":"https:\/\/agendaparaguay.com\/v2\/wp-json\/wp\/v2\/media?parent=35746"}],"wp:term":[{"taxonomy":"category","embeddable":true,"href":"https:\/\/agendaparaguay.com\/v2\/wp-json\/wp\/v2\/categories?post=35746"},{"taxonomy":"post_tag","embeddable":true,"href":"https:\/\/agendaparaguay.com\/v2\/wp-json\/wp\/v2\/tags?post=35746"}],"curies":[{"name":"wp","href":"https:\/\/api.w.org\/{rel}","templated":true}]}}