{"id":35805,"date":"2021-08-26T20:30:08","date_gmt":"2021-08-27T00:30:08","guid":{"rendered":"http:\/\/agendaparaguay.com\/v2\/?p=35805"},"modified":"2021-08-26T21:59:30","modified_gmt":"2021-08-27T01:59:30","slug":"biden-dijo-que-eeuu-respondera-con-fuerza-al-atentado-donde-murieron-12-militares-americanos","status":"publish","type":"post","link":"https:\/\/agendaparaguay.com\/v2\/2021\/08\/26\/biden-dijo-que-eeuu-respondera-con-fuerza-al-atentado-donde-murieron-12-militares-americanos\/","title":{"rendered":"Biden dijo que EEUU responder\u00e1 \u201ccon fuerza\u201d al atentado donde murieron 12 militares americanos"},"content":{"rendered":"<p style=\"text-align: justify;\">El mandatario estadounidense asegur\u00f3 que Estados Unidos no se ver\u00e1 disuadido de su misi\u00f3n de evacuar a miles de civiles de Afganist\u00e1n, tras los ataques que dejaron al menos 60 afganos y 12 militares estadounidenses muertos.<!--more--><\/p>\n<p style=\"text-align: justify;\">El presidente de Estados Unidos, Joe Biden, prometi\u00f3 el jueves \u201cperseguir\u201d a los autores de los atentados suicidas con bomba en Kabul, que mataron a 12 militares estadounidenses en medio de la operaci\u00f3n de evacuaci\u00f3n de Afganist\u00e1n tras la toma de poder de los talibanes.<\/p>\n<p style=\"text-align: justify;\">\u201cPara aquellos que ejecutaron este ataque, as\u00ed como para cualquiera que le desee da\u00f1o a Estados Unidos, sepan esto: no perdonaremos. No olvidaremos. Los perseguiremos y los haremos pagar\u201d, dijo Biden.<\/p>\n<p style=\"text-align: justify;\">Estados Unidos responder\u00e1 \u201ccon fuerza y precisi\u00f3n\u201d, afirm\u00f3, luego de que el grupo terrorista ISIS-K se atribuyera el mortal atentado.<\/p>\n<p style=\"text-align: justify;\">En un discurso solemne a la naci\u00f3n desde la Casa Blanca, Biden llam\u00f3 \u201ch\u00e9roes\u201d a los militares estadounidenses abatidos y dijo que la misi\u00f3n de evacuaci\u00f3n de Kabul continuar\u00e1 hasta el pr\u00f3ximo martes, cuando se prev\u00e9 la retirada final de las tropas militares de Estados Unidos.<\/p>\n<p style=\"text-align: justify;\">\u201cNo seremos disuadidos por terroristas. No les permitiremos detener nuestra misi\u00f3n. Continuaremos la evacuaci\u00f3n\u201d, asegur\u00f3 el mandatario dem\u00f3crata.<\/p>\n<p style=\"text-align: justify;\">Biden reconfirm\u00f3 tambi\u00e9n que no mover\u00e1 esa fecha l\u00edmite del 31 de agosto para completar la salida de Afganist\u00e1n tras dos d\u00e9cadas de guerra.<\/p>\n<p style=\"text-align: justify;\">\u201cNo seremos disuadidos por terroristas. No les permitiremos detener nuestra misi\u00f3n. Continuaremos la evacuaci\u00f3n\u201d, dijo Biden en un discurso televisado.<\/p>\n<p style=\"text-align: justify;\">Todav\u00eda queda una \u201coportunidad durante los pr\u00f3ximos d\u00edas, entre ahora y el 31, de poder sacarlos\u201d, dijo sobre los ciudadanos estadounidenses y afganos considerados vulnerables tras la toma del poder por parte de los talibanes el 15 de agosto.<\/p>\n<p style=\"text-align: justify;\">\u201cConociendo la amenaza, sabiendo que es muy posible que tengamos otro ataque, los militares han llegado a la conclusi\u00f3n de que eso es lo que debemos hacer. Creo que tienen raz\u00f3n\u201d, apunt\u00f3.<\/p>\n<p style=\"text-align: justify;\">El dem\u00f3crata neg\u00f3 tener indicios de que los talibanes se confabularan con los terrorista de ISIS-K para ejecutar el mortal atentado en Kabul.<\/p>\n<p style=\"text-align: justify;\">\u201cHasta ahora no hay evidencia que ninguno de los comandantes en el terreno me haya dado de que haya habido colusi\u00f3n entre los talibanes y ISIS-K para llevar a cabo lo que sucedi\u00f3 hoy\u201d, dijo Biden en rueda de prensa en la Casa Blanca.<\/p>\n<p style=\"text-align: justify;\">Biden reconfirm\u00f3 que cumplir\u00e1 con el plazo del 31 de agosto para la retirada de las tropas estadounidenses de Afganist\u00e1n, a pesar de pedidos de que se quede m\u00e1s tiempo si es necesario para completar la evacuaci\u00f3n.<\/p>\n<p style=\"text-align: justify;\">Todav\u00eda queda una \u201coportunidad durante los pr\u00f3ximos d\u00edas, entre ahora y el 31, de poder sacarlos\u201d, asegur\u00f3. \u201cSabiendo que es muy posible que tengamos otro ataque, los militares han llegado a la conclusi\u00f3n de que eso es lo que debemos hacer. Creo que tienen raz\u00f3n\u201d, dijo.<\/p>\n<p style=\"text-align: justify;\">Los atentados del jueves sin duda intensificar\u00e1n la presi\u00f3n pol\u00edtica sobre Biden, quien ya enfrentaba duras cr\u00edticas por no iniciar antes con las evacuaciones. El mandatario hab\u00eda anunciado en abril pasado que concluir\u00eda la participaci\u00f3n de Estados Unidos en la guerra y retirar\u00eda a todas las tropas para septiembre.<\/p>\n<p style=\"text-align: justify;\">El l\u00edder republicano en la C\u00e1mara de Representantes, Kevin McCarthy, hizo un llamado a la presidenta del recinto, Nancy Pelosi, para que convoque una nueva sesi\u00f3n para debatir una iniciativa que proh\u00edba el retiro estadounidense hasta que se haya evacuado a todos los ciudadanos. Eso es sumamente improbable, y la oficina de Pelosi descart\u00f3 la propuesta, a la que consider\u00f3 como una \u201cmaniobra vac\u00eda\u201d.<\/p>\n<p style=\"text-align: justify;\">En el Pent\u00e1gono, el general McKenzie se\u00f1al\u00f3 que las fuerzas armadas creen que los ataques ocurridos en el per\u00edmetro del aeropuerto fueron perpetrados por combatientes afiliados al grupo Estado Isl\u00e1mico en Afganist\u00e1n. A\u00f1adi\u00f3 que es previsible que haya m\u00e1s atentados.<\/p>\n<p style=\"text-align: justify;\">Despu\u00e9s del atentado suicida en la puerta Abbey del aeropuerto, varios hombres armados del grupo conocido tambi\u00e9n por las siglas ISIS abrieron fuego en contra de civiles y militares. Tambi\u00e9n se produjo un ataque en el Hotel Baron, que se encuentra a poca distancia del aeropuerto.<\/p>\n<p style=\"text-align: justify;\">Los ataques no har\u00e1n que Estados Unidos concluya sus operaciones antes de lo programado, recalc\u00f3 McKenzie.<\/p>\n<p style=\"text-align: justify;\">\u201cPerm\u00edtanme ser claro, si bien nos entristece la p\u00e9rdida de vidas, tanto de estadounidenses como de afganos, seguiremos ejecutando la misi\u00f3n\u201d, declar\u00f3. A\u00f1adi\u00f3 que en el aeropuerto hab\u00eda alrededor de 5.000 personas el jueves a la espera de abordar vuelos. Dijo que ha sido \u201c\u00fatil trabajar con\u201d el Talib\u00e1n y no son sospechosos de los atentados.<\/p>\n","protected":false},"excerpt":{"rendered":"<p>El mandatario estadounidense asegur\u00f3 que Estados Unidos no se ver\u00e1 disuadido de su misi\u00f3n de evacuar a miles de civiles de Afganist\u00e1n, tras los ataques que dejaron al menos 60&hellip; <\/p>\n","protected":false},"author":1,"featured_media":35806,"comment_status":"closed","ping_status":"open","sticky":false,"template":"","format":"standard","meta":{"sfsi_plus_gutenberg_text_before_share":"","sfsi_plus_gutenberg_show_text_before_share":"","sfsi_plus_gutenberg_icon_type":"","sfsi_plus_gutenberg_icon_alignemt":"","sfsi_plus_gutenburg_max_per_row":"","footnotes":"","_jetpack_memberships_contains_paid_content":false,"jetpack_publicize_message":"","jetpack_publicize_feature_enabled":true,"jetpack_social_post_already_shared":true,"jetpack_social_options":{"image_generator_settings":{"template":"highway","enabled":false},"version":2}},"categories":[5],"tags":[],"jetpack_publicize_connections":[],"jetpack_sharing_enabled":true,"jetpack_featured_media_url":"https:\/\/agendaparaguay.com\/v2\/wp-content\/uploads\/2021\/08\/joe_biden_atentado.png","_links":{"self":[{"href":"https:\/\/agendaparaguay.com\/v2\/wp-json\/wp\/v2\/posts\/35805"}],"collection":[{"href":"https:\/\/agendaparaguay.com\/v2\/wp-json\/wp\/v2\/posts"}],"about":[{"href":"https:\/\/agendaparaguay.com\/v2\/wp-json\/wp\/v2\/types\/post"}],"author":[{"embeddable":true,"href":"https:\/\/agendaparaguay.com\/v2\/wp-json\/wp\/v2\/users\/1"}],"replies":[{"embeddable":true,"href":"https:\/\/agendaparaguay.com\/v2\/wp-json\/wp\/v2\/comments?post=35805"}],"version-history":[{"count":1,"href":"https:\/\/agendaparaguay.com\/v2\/wp-json\/wp\/v2\/posts\/35805\/revisions"}],"predecessor-version":[{"id":35807,"href":"https:\/\/agendaparaguay.com\/v2\/wp-json\/wp\/v2\/posts\/35805\/revisions\/35807"}],"wp:featuredmedia":[{"embeddable":true,"href":"https:\/\/agendaparaguay.com\/v2\/wp-json\/wp\/v2\/media\/35806"}],"wp:attachment":[{"href":"https:\/\/agendaparaguay.com\/v2\/wp-json\/wp\/v2\/media?parent=35805"}],"wp:term":[{"taxonomy":"category","embeddable":true,"href":"https:\/\/agendaparaguay.com\/v2\/wp-json\/wp\/v2\/categories?post=35805"},{"taxonomy":"post_tag","embeddable":true,"href":"https:\/\/agendaparaguay.com\/v2\/wp-json\/wp\/v2\/tags?post=35805"}],"curies":[{"name":"wp","href":"https:\/\/api.w.org\/{rel}","templated":true}]}}