{"id":36289,"date":"2021-09-13T11:43:30","date_gmt":"2021-09-13T15:43:30","guid":{"rendered":"http:\/\/agendaparaguay.com\/v2\/?p=36289"},"modified":"2021-09-13T13:28:44","modified_gmt":"2021-09-13T17:28:44","slug":"fiscala-se-constituye-en-tacumbu-ante-version-de-amotinamiento","status":"publish","type":"post","link":"https:\/\/agendaparaguay.com\/v2\/2021\/09\/13\/fiscala-se-constituye-en-tacumbu-ante-version-de-amotinamiento\/","title":{"rendered":"Fiscala se constituye en Tacumb\u00fa ante versi\u00f3n de amotinamiento"},"content":{"rendered":"<p style=\"text-align: justify;\">La agente fiscal Laura Finestra se constituy\u00f3 esta ma\u00f1ana en la Penitenciar\u00eda Nacional de Tacumb\u00fa, ante rumores de un presunto amotinamiento en el lugar.<!--more--><\/p>\n<p style=\"text-align: justify;\">En compa\u00f1\u00eda del Director General de Establecimientos Penitenciarios y Agentes encargados de la seguridad, la representante del Ministerio P\u00fablico recorri\u00f3 el predio del penal, constatando que no existe amotinamiento alguno.<\/p>\n<p style=\"text-align: justify;\">Por otro lado, algunas personas privadas de libertad manifestaron preocupaci\u00f3n ante el supuesto ingreso de efectivos policiales al penal, situaci\u00f3n que no ha sido considerada hasta el momento.<\/p>\n","protected":false},"excerpt":{"rendered":"<p>La agente fiscal Laura Finestra se constituy\u00f3 esta ma\u00f1ana en la Penitenciar\u00eda Nacional de Tacumb\u00fa, ante rumores de un presunto amotinamiento en el lugar.<\/p>\n","protected":false},"author":1,"featured_media":29839,"comment_status":"closed","ping_status":"open","sticky":false,"template":"","format":"standard","meta":{"sfsi_plus_gutenberg_text_before_share":"","sfsi_plus_gutenberg_show_text_before_share":"","sfsi_plus_gutenberg_icon_type":"","sfsi_plus_gutenberg_icon_alignemt":"","sfsi_plus_gutenburg_max_per_row":"","footnotes":"","_jetpack_memberships_contains_paid_content":false,"jetpack_publicize_message":"","jetpack_publicize_feature_enabled":true,"jetpack_social_post_already_shared":true,"jetpack_social_options":{"image_generator_settings":{"template":"highway","enabled":false},"version":2}},"categories":[5],"tags":[],"jetpack_publicize_connections":[],"jetpack_sharing_enabled":true,"jetpack_featured_media_url":"https:\/\/agendaparaguay.com\/v2\/wp-content\/uploads\/2021\/02\/tacumbu_penal.jpg","_links":{"self":[{"href":"https:\/\/agendaparaguay.com\/v2\/wp-json\/wp\/v2\/posts\/36289"}],"collection":[{"href":"https:\/\/agendaparaguay.com\/v2\/wp-json\/wp\/v2\/posts"}],"about":[{"href":"https:\/\/agendaparaguay.com\/v2\/wp-json\/wp\/v2\/types\/post"}],"author":[{"embeddable":true,"href":"https:\/\/agendaparaguay.com\/v2\/wp-json\/wp\/v2\/users\/1"}],"replies":[{"embeddable":true,"href":"https:\/\/agendaparaguay.com\/v2\/wp-json\/wp\/v2\/comments?post=36289"}],"version-history":[{"count":1,"href":"https:\/\/agendaparaguay.com\/v2\/wp-json\/wp\/v2\/posts\/36289\/revisions"}],"predecessor-version":[{"id":36290,"href":"https:\/\/agendaparaguay.com\/v2\/wp-json\/wp\/v2\/posts\/36289\/revisions\/36290"}],"wp:featuredmedia":[{"embeddable":true,"href":"https:\/\/agendaparaguay.com\/v2\/wp-json\/wp\/v2\/media\/29839"}],"wp:attachment":[{"href":"https:\/\/agendaparaguay.com\/v2\/wp-json\/wp\/v2\/media?parent=36289"}],"wp:term":[{"taxonomy":"category","embeddable":true,"href":"https:\/\/agendaparaguay.com\/v2\/wp-json\/wp\/v2\/categories?post=36289"},{"taxonomy":"post_tag","embeddable":true,"href":"https:\/\/agendaparaguay.com\/v2\/wp-json\/wp\/v2\/tags?post=36289"}],"curies":[{"name":"wp","href":"https:\/\/api.w.org\/{rel}","templated":true}]}}