{"id":36632,"date":"2021-09-24T15:00:47","date_gmt":"2021-09-24T19:00:47","guid":{"rendered":"http:\/\/agendaparaguay.com\/v2\/?p=36632"},"modified":"2021-09-25T08:04:53","modified_gmt":"2021-09-25T12:04:53","slug":"onu-abdo-benitez-expreso-su-profunda-decepcion-por-falta-de-respuesta-del-mecanismo-covax","status":"publish","type":"post","link":"https:\/\/agendaparaguay.com\/v2\/2021\/09\/24\/onu-abdo-benitez-expreso-su-profunda-decepcion-por-falta-de-respuesta-del-mecanismo-covax\/","title":{"rendered":"ONU: Abdo Ben\u00edtez expres\u00f3 su \u201cprofunda decepci\u00f3n\u201d por falta de respuesta del mecanismo Covax"},"content":{"rendered":"<p style=\"text-align: justify;\">Durante su intervenci\u00f3n en la Asamblea General de la ONU, el presidente de la Rep\u00fablica, Mario Abdo Ben\u00edtez expres\u00f3 su \u201cprofunda decepci\u00f3n\u201d por la falta de respuesta del mecanismo Covax y agradeci\u00f3 a los pa\u00edses que extendieron su mano solidaria al pueblo paraguayo para avanzar en su plan de inmunizaci\u00f3n.<!--more--><\/p>\n<p style=\"text-align: justify;\">El debate general del 76\u00ba per\u00edodo de sesiones de las Naciones Unidas arranc\u00f3 este martes y finalizar\u00e1 el 27 de septiembre. El mandatario paraguayo se pronunci\u00f3 este viernes de manera virtual ante los l\u00edderes internacionales reunidos en Nueva York.<\/p>\n<p style=\"text-align: justify;\">A continuaci\u00f3n reproducimos inextenso el discurso:<\/p>\n<p style=\"text-align: justify;\">Nos encontramos reunidos afrontando los problemas que m\u00e1s angustia a cada uno de nuestros pueblos, con la responsabilidad de que cada discurso sea m\u00e1s que palabras y que podamos generar un espacio para una reflexi\u00f3n profunda y sincera.<\/p>\n<p style=\"text-align: justify;\">El covid-19 contin\u00faa ense\u00f1\u00e1ndonos a todos, nos mostr\u00f3 c\u00f3mo la solidaridad, la empat\u00eda, son vitales para enfrentar una pandemia como esta, c\u00f3mo los pa\u00edses con una celeridad elogiable avanzaron r\u00e1pidamente en la producci\u00f3n de vacunas, pero tambi\u00e9n sac\u00f3 a la luz algunas realidades que debemos encarar.<\/p>\n<p style=\"text-align: justify;\">Las vacunas, qu\u00e9 dif\u00edcil ha sido para muchos pa\u00edses como el nuestro tener que decirles a nuestros pueblos que, a pesar de haber gestionado, pagado vacunas a tiempo a trav\u00e9s del mecanismo Covax, recomendado por la Organizaci\u00f3n Mundial de la Salud para garantizar una distribuci\u00f3n equitativa, las vacunas no llegaron a tiempo, eso le toc\u00f3 vivir a Paraguay y a muchos otros pa\u00edses que tuvieron que esperar.<\/p>\n<p style=\"text-align: justify;\">El Paraguay siempre ha apostado por el multilateralismo, porque entendemos que los problemas comunes que trascienden nuestros pa\u00edses requieren una respuesta conjunta como es el caso del covid-19, sin embargo, no podemos ocultar nuestra profunda decepci\u00f3n ante la respuesta del sistema multilateral para la distribuci\u00f3n efectiva y oportuna de las vacunas. Esta realidad debe ser abordada en este recinto con la voluntad de evaluar lo sucedido y poder generar cambios de cara al futuro.<\/p>\n<p style=\"text-align: justify;\">Tampoco podemos mirar a un lado e ignorar que algunos intentaron usar la vacuna como herramienta pol\u00edtica e ideol\u00f3gica en uno de los momentos m\u00e1s duros de la historia reciente de la humanidad. Destaco la cooperaci\u00f3n de pa\u00edses amigos y hermanos que desinteresadamente extendieron su mano solidaria al pueblo paraguayo mediante la cooperaci\u00f3n de vacunas que nos permitieron salvar vidas y avanzar con el programa de inmunizaci\u00f3n.<\/p>\n<p>Agradezco nuevamente a los gobiernos de los Estados Unidos, Catar, India, Espa\u00f1a, M\u00e9xico, Chile, Colombia, Emiratos \u00c1rabes Unidos y Uruguay por tan noble gesto. Nuestro pa\u00eds jam\u00e1s lo olvidar\u00e1.<\/p>\n<p style=\"text-align: justify;\">Se\u00f1or Presidente, la econom\u00eda paraguaya se sustenta en gran medida en la producci\u00f3n de alimentos para el mundo y nuestra condici\u00f3n de pa\u00eds en desarrollo sin litoral, condiciona fuertemente y de manera estructural nuestro desarrollo. En el contexto de la recuperaci\u00f3n post pandemia esta condici\u00f3n volver\u00e1 a ser determinante y ser\u00e1 vital que se facilite el acceso efectivo de nuestros productos a los mercados de los pa\u00edses m\u00e1s desarrollados.<\/p>\n<p style=\"text-align: justify;\">Por nuestra parte para disminuir el impacto de esta condici\u00f3n estamos desplegando nuestros esfuerzos para convertir nuestra ubicaci\u00f3n geogr\u00e1fica en una ventaja. El ambicioso proyecto del Corredor de Bioce\u00e1nico que llevamos adelante atravesar\u00e1 el territorio paraguayo y unir\u00e1 el Oc\u00e9ano Atl\u00e1ntico con el Oc\u00e9ano Pac\u00edfico, se constituye en un claro ejemplo de c\u00f3mo pensamos aprovechar nuestra posici\u00f3n geogr\u00e1fica e impulsar la integraci\u00f3n f\u00edsica de nuestra regi\u00f3n.<\/p>\n<p style=\"text-align: justify;\">La integraci\u00f3n y el desarrollo sostenible son ejes prioritarios de la pol\u00edtica exterior de la Rep\u00fablica del Paraguay. Hace d\u00e9cadas mi pa\u00eds ha apostado por una matriz energ\u00e9tica basada en la energ\u00eda limpia y renovable con el compromiso del cuidado del medio ambiente con la convicci\u00f3n de que la energ\u00eda es un requisito indispensable para seguir proyectando el desarrollo.<\/p>\n<p style=\"text-align: justify;\">Se\u00f1oras y se\u00f1ores, el cambio clim\u00e1tico est\u00e1 vinculado a la actual crisis h\u00eddrica que afecta a nuestra regi\u00f3n, los niveles bajos que se registran en los r\u00edos comprometen la disponibilidad del agua para el consumo humano, afecta las condiciones de navegabilidad y perjudica gravemente nuestro comercio exterior que depende del transporte fluvial y amenaza la eficiencia de nuestras fuentes de generaci\u00f3n de energ\u00eda, por eso subrayamos la importancia de honrar los compromisos internacionales del Acuerdo de Par\u00eds en particular los que se refieren al financiamiento clim\u00e1tico para apoyar los esfuerzos de mitigaci\u00f3n y adaptaci\u00f3n de los pa\u00edses en desarrollo, en especial los que somos m\u00e1s vulnerables al calentamiento global.<\/p>\n<p style=\"text-align: justify;\">Se\u00f1or presidente, el terrorismo, el narcotr\u00e1fico y el crimen organizado transnacional son amenazas reales para la comunidad internacional, por ello el Paraguay est\u00e1 comprometido con el combate frontal a su financiamiento y en particular al lavado de activos, para la cual ha adoptado medidas como actualizaci\u00f3n de sus marcos normativos con el fin de fortalecer las capacidades institucionales de respuesta y estrechar la cooperaci\u00f3n internacional para abordar con efectividad este flagelo.<\/p>\n<p style=\"text-align: justify;\">Una de las mayores atrocidades del crimen organizado es la utilizaci\u00f3n de ni\u00f1os en sus actividades, el Paraguay condena una vez m\u00e1s esta pr\u00e1ctica deleznable que ya la hemos sufrido y el uso de acciones inhumanas como el secuestro y medidas de extorsi\u00f3n.<\/p>\n<p style=\"text-align: justify;\">Nuestro gobierno no cesar\u00e1 en el combate firme y decidido contra grupos criminales en el marco de la ley ni escatimar\u00e1 esfuerzos para lograr el regreso de los compatriotas secuestrados por ellos, nuestro pa\u00eds es defensor de la vida, la familia y de los derechos humanos.<\/p>\n<p style=\"text-align: justify;\">Como miembro fundador, el Paraguay reafirma su apoyo a la Organizaci\u00f3n de las Naciones Unidas y a la importancia de que la misma reviste como foro que congrega a la mayor parte de los pa\u00edses del mundo.<\/p>\n<p style=\"text-align: justify;\">Con el fin de fortalecer la gobernanza democr\u00e1tica y un sistema m\u00e1s equilibrado en la toma de decisiones de las Naciones Unidas consideramos que debe fortalecerse el rol de la Asamblea General y plantearse la reforma del funcionamiento del Consejo de Seguridad.<\/p>\n<p style=\"text-align: justify;\">La universabilidad es un principio b\u00e1sico de nuestra organizaci\u00f3n y basado en el acompa\u00f1amos la inclusi\u00f3n de Taiw\u00e1n dentro del Sistema de Naciones Unidas.<\/p>\n<p style=\"text-align: justify;\">Se\u00f1or presidente, el ideal de un mundo en el que rija la paz, la democracia, el respeto a los derechos humanos, las libertades y la seguridad nos compromete a todos, dejando de lado diferencias y respetando el principio de igualdad que nos asiste a todos los Estados.<\/p>\n<p style=\"text-align: justify;\">Debemos profundizar el di\u00e1logo orientado a impulsar acciones de combate a la pobreza, la desigualdad, para promover un desarrollo m\u00e1s equitativo.<\/p>\n<p style=\"text-align: justify;\">Culmino se\u00f1alando lo que sobre el tema de esta Asamblea escribi\u00f3 el Papa Francisco: \u201cLa esperanza es audaz, sabe mirar m\u00e1s all\u00e1 de la comodidad personal de las peque\u00f1as seguridades y compensaciones que estrecha el horizonte, para abrirse a grandes ideales que hacen a la vida m\u00e1s bella y digna, caminemos en esperanza\u201d. Muchas gracias. Fuente: Ip<\/p>\n","protected":false},"excerpt":{"rendered":"<p>Durante su intervenci\u00f3n en la Asamblea General de la ONU, el presidente de la Rep\u00fablica, Mario Abdo Ben\u00edtez expres\u00f3 su \u201cprofunda decepci\u00f3n\u201d por la falta de respuesta del mecanismo Covax&hellip; <\/p>\n","protected":false},"author":1,"featured_media":34166,"comment_status":"closed","ping_status":"open","sticky":false,"template":"","format":"standard","meta":{"sfsi_plus_gutenberg_text_before_share":"","sfsi_plus_gutenberg_show_text_before_share":"","sfsi_plus_gutenberg_icon_type":"","sfsi_plus_gutenberg_icon_alignemt":"","sfsi_plus_gutenburg_max_per_row":"","footnotes":"","_jetpack_memberships_contains_paid_content":false,"jetpack_publicize_message":"","jetpack_publicize_feature_enabled":true,"jetpack_social_post_already_shared":true,"jetpack_social_options":{"image_generator_settings":{"template":"highway","enabled":false},"version":2}},"categories":[2],"tags":[],"jetpack_publicize_connections":[],"jetpack_sharing_enabled":true,"jetpack_featured_media_url":"https:\/\/agendaparaguay.com\/v2\/wp-content\/uploads\/2021\/07\/marito_abdo_informe_1.png","_links":{"self":[{"href":"https:\/\/agendaparaguay.com\/v2\/wp-json\/wp\/v2\/posts\/36632"}],"collection":[{"href":"https:\/\/agendaparaguay.com\/v2\/wp-json\/wp\/v2\/posts"}],"about":[{"href":"https:\/\/agendaparaguay.com\/v2\/wp-json\/wp\/v2\/types\/post"}],"author":[{"embeddable":true,"href":"https:\/\/agendaparaguay.com\/v2\/wp-json\/wp\/v2\/users\/1"}],"replies":[{"embeddable":true,"href":"https:\/\/agendaparaguay.com\/v2\/wp-json\/wp\/v2\/comments?post=36632"}],"version-history":[{"count":1,"href":"https:\/\/agendaparaguay.com\/v2\/wp-json\/wp\/v2\/posts\/36632\/revisions"}],"predecessor-version":[{"id":36633,"href":"https:\/\/agendaparaguay.com\/v2\/wp-json\/wp\/v2\/posts\/36632\/revisions\/36633"}],"wp:featuredmedia":[{"embeddable":true,"href":"https:\/\/agendaparaguay.com\/v2\/wp-json\/wp\/v2\/media\/34166"}],"wp:attachment":[{"href":"https:\/\/agendaparaguay.com\/v2\/wp-json\/wp\/v2\/media?parent=36632"}],"wp:term":[{"taxonomy":"category","embeddable":true,"href":"https:\/\/agendaparaguay.com\/v2\/wp-json\/wp\/v2\/categories?post=36632"},{"taxonomy":"post_tag","embeddable":true,"href":"https:\/\/agendaparaguay.com\/v2\/wp-json\/wp\/v2\/tags?post=36632"}],"curies":[{"name":"wp","href":"https:\/\/api.w.org\/{rel}","templated":true}]}}