{"id":36872,"date":"2021-10-04T05:52:50","date_gmt":"2021-10-04T09:52:50","guid":{"rendered":"http:\/\/agendaparaguay.com\/v2\/?p=36872"},"modified":"2021-10-04T05:52:50","modified_gmt":"2021-10-04T09:52:50","slug":"presidente-abdo-cumplira-agenda-oficial-en-palacio-de-gobierno","status":"publish","type":"post","link":"https:\/\/agendaparaguay.com\/v2\/2021\/10\/04\/presidente-abdo-cumplira-agenda-oficial-en-palacio-de-gobierno\/","title":{"rendered":"Presidente Abdo cumplir\u00e1 agenda oficial en Palacio de Gobierno"},"content":{"rendered":"<p>El presidente de la Rep\u00fablica, Mario Abdo Ben\u00edtez, desarrollar\u00e1 su jornada oficial en Palacio de L\u00f3pez, este lunes 04 de octubre.<!--more--><\/p>\n<p>Iniciar\u00e1 su agenda a las 08:00 horas, con el acto de lanzamiento del Instituto T\u00e9cnico Superior de Educaci\u00f3n y Formaci\u00f3n Penitenciaria, por parte del Gobierno Nacional, a trav\u00e9s del Ministerio de Justicia.<\/p>\n<p>Luego, a las 10:00 horas, presidir\u00e1 la ceremonia de presentaci\u00f3n de cartas credenciales de Carmen Castiella Ruiz de Velazco, como Embajadora Extraordinaria y Plenipotenciaria del Reino de Espa\u00f1a ante el Gobierno de la Rep\u00fablica del Paraguay.<\/p>\n<p>Asimismo, a las 10:30 horas, ser\u00e1 la ceremonia de presentaci\u00f3n de cartas credenciales de Javier Garc\u00eda de Viedma, como Embajador Extraordinario y Plenipotenciario de la Uni\u00f3n Europea ante el Gobierno de la Rep\u00fablica del Paraguay.<\/p>\n","protected":false},"excerpt":{"rendered":"<p>El presidente de la Rep\u00fablica, Mario Abdo Ben\u00edtez, desarrollar\u00e1 su jornada oficial en Palacio de L\u00f3pez, este lunes 04 de octubre.<\/p>\n","protected":false},"author":1,"featured_media":20224,"comment_status":"closed","ping_status":"open","sticky":false,"template":"","format":"standard","meta":{"sfsi_plus_gutenberg_text_before_share":"","sfsi_plus_gutenberg_show_text_before_share":"","sfsi_plus_gutenberg_icon_type":"","sfsi_plus_gutenberg_icon_alignemt":"","sfsi_plus_gutenburg_max_per_row":"","footnotes":"","_jetpack_memberships_contains_paid_content":false,"jetpack_publicize_message":"","jetpack_publicize_feature_enabled":true,"jetpack_social_post_already_shared":true,"jetpack_social_options":{"image_generator_settings":{"template":"highway","enabled":false},"version":2}},"categories":[2],"tags":[],"jetpack_publicize_connections":[],"jetpack_sharing_enabled":true,"jetpack_featured_media_url":"https:\/\/agendaparaguay.com\/v2\/wp-content\/uploads\/2020\/04\/marito_abdo_conferenc.jpeg","_links":{"self":[{"href":"https:\/\/agendaparaguay.com\/v2\/wp-json\/wp\/v2\/posts\/36872"}],"collection":[{"href":"https:\/\/agendaparaguay.com\/v2\/wp-json\/wp\/v2\/posts"}],"about":[{"href":"https:\/\/agendaparaguay.com\/v2\/wp-json\/wp\/v2\/types\/post"}],"author":[{"embeddable":true,"href":"https:\/\/agendaparaguay.com\/v2\/wp-json\/wp\/v2\/users\/1"}],"replies":[{"embeddable":true,"href":"https:\/\/agendaparaguay.com\/v2\/wp-json\/wp\/v2\/comments?post=36872"}],"version-history":[{"count":1,"href":"https:\/\/agendaparaguay.com\/v2\/wp-json\/wp\/v2\/posts\/36872\/revisions"}],"predecessor-version":[{"id":36873,"href":"https:\/\/agendaparaguay.com\/v2\/wp-json\/wp\/v2\/posts\/36872\/revisions\/36873"}],"wp:featuredmedia":[{"embeddable":true,"href":"https:\/\/agendaparaguay.com\/v2\/wp-json\/wp\/v2\/media\/20224"}],"wp:attachment":[{"href":"https:\/\/agendaparaguay.com\/v2\/wp-json\/wp\/v2\/media?parent=36872"}],"wp:term":[{"taxonomy":"category","embeddable":true,"href":"https:\/\/agendaparaguay.com\/v2\/wp-json\/wp\/v2\/categories?post=36872"},{"taxonomy":"post_tag","embeddable":true,"href":"https:\/\/agendaparaguay.com\/v2\/wp-json\/wp\/v2\/tags?post=36872"}],"curies":[{"name":"wp","href":"https:\/\/api.w.org\/{rel}","templated":true}]}}