{"id":37386,"date":"2021-10-20T08:30:18","date_gmt":"2021-10-20T11:30:18","guid":{"rendered":"https:\/\/agendaparaguay.com\/v2\/?p=37386"},"modified":"2021-10-20T09:36:44","modified_gmt":"2021-10-20T12:36:44","slug":"camara-baja-analizara-importantes-proyectos-de-leyes-este-miercoles","status":"publish","type":"post","link":"https:\/\/agendaparaguay.com\/v2\/2021\/10\/20\/camara-baja-analizara-importantes-proyectos-de-leyes-este-miercoles\/","title":{"rendered":"C\u00e1mara baja analizar\u00e1 importantes proyectos de leyes este mi\u00e9rcoles"},"content":{"rendered":"<p style=\"text-align: justify;\">Importantes proyectos fueron incluidos entre los once puntos que figuran en el orden de d\u00eda de la sesi\u00f3n ordinaria que se prev\u00e9 para este mi\u00e9rcoles, 20 de octubre. La convocatoria es para las 08:30 horas.<!--more--><\/p>\n<p style=\"text-align: justify;\">Uno de los temas a ser considerados es el proyecto \u201cQue modifica el art\u00edculo 8\u00b0 de la Ley N\u00b0 6.720\/2021, Que otorga subsidios a trabajadores y comerciantes cuyos ingresos fueron afectados por la pandemia del Coronavirus (Covid-19), que residan en las ciudades de Encarnaci\u00f3n, Alberdi, Puerto Falc\u00f3n, Nanawa, Ayolas, Pilar, Paso de Patria, Humait\u00e1, Cerrito, General D\u00edaz, Mayor Mart\u00ednez, Villa Oliva, Villa Franca, Natalio, Mayor Ota\u00f1o y San Rafael del Paran\u00e1, respectivamente\u201d.<\/p>\n<p style=\"text-align: justify;\">La iniciativa hab\u00eda sido presentada tras el reclamo de muchos compatriotas, trabajadores y comerciantes de las ciudades fronterizas.<\/p>\n<p style=\"text-align: justify;\">La iniciativa pretende rever un art\u00edculo que excluye a los que ya fueron beneficiarios del programa Pytyv\u00f3 2.0, sin tener en cuenta que muchos no accedieron al cobro total de los cuatro pagos de G. 500.000, como establece la Ley N\u00ba 6.587\/2020.<\/p>\n<p style=\"text-align: justify;\">A su vez, el proyecto \u201cQue modifica y ampl\u00eda los art\u00edculos 1\u00b0 y 2\u00b0 de la Ley N\u00b0 6.743\/21, Del r\u00e9gimen de jubilaciones de los profesionales psic\u00f3logos\u201d, se encuentra en el temario a ser desarrollado.<\/p>\n<p style=\"text-align: justify;\">El objetivo es establecer el r\u00e9gimen de jubilaciones de estos profesionales que prestan servicios en todos los organismos y entidades del Estado que aporten al r\u00e9gimen de jubilaciones y pensiones del Ministerio de Hacienda.<\/p>\n<p style=\"text-align: justify;\">El \u00e1mbito de aplicaci\u00f3n refiere al ejercicio profesional de la psicolog\u00eda y tambi\u00e9n al ejercicio de la docencia, investigaci\u00f3n, asesor\u00edas, administraci\u00f3n, gesti\u00f3n y cualquier otra funci\u00f3n ejercida por estos profesionales.<\/p>\n<p style=\"text-align: justify;\">Otro \u00edtem a ser considerado es el proyecto de ley \u201cPor el cual se establecen medidas de protecci\u00f3n a los menores de edad ante las influencias de las m\u00e1quinas tragamonedas\u201d, que cuenta con media sanci\u00f3n del Senado.<\/p>\n<p style=\"text-align: justify;\">La normativa apunta a regular los mecanismos para la habilitaci\u00f3n, explotaci\u00f3n y el uso de los juegos electr\u00f3nicos de azar, autorizados a nivel municipal, seg\u00fan la Ley N\u00b0 1.016\/97, Que establece el r\u00e9gimen jur\u00eddico para la explotaci\u00f3n de los juegos de suerte o de azar.<\/p>\n<p style=\"text-align: justify;\">Tiene como finalidad proteger a los ni\u00f1os, ni\u00f1as y adolescentes ante la influencia y los riesgos derivados de los juegos electr\u00f3nicos de azar que operan fuera de los casinos o locales de juegos autorizados, con el fin de evitarles posibles da\u00f1os que afecten la salud f\u00edsica y mental.<\/p>\n<p style=\"text-align: justify;\">El proyecto de ley \u201cQue crea la Unidad de Valor Fiscal (UVF)\u201d, ser\u00e1 un tema de an\u00e1lisis, igualmente.<\/p>\n<p style=\"text-align: justify;\">Busca crear una unidad que represente los valores fiscales que se encontraban anteriormente expresados en guaran\u00edes, con el objetivo de calcular el valor de los aranceles, tarifas, tributos, multas o sanciones, y que se defina de manera anual, seg\u00fan reportes del \u00cdndice de Precios al Consumidor (IPC), que publica el Banco Central del Paraguay (BCP).<\/p>\n<p style=\"text-align: justify;\">Cabe se\u00f1alar, adem\u00e1s, que los diputados prev\u00e9n el estudio del proyecto de ley \u201cQue modifica y ampl\u00eda los art\u00edculos 4\u00b0 y 7\u00b0 de la Ley N\u00b0 3.331\/2007, Que crea el Programa Nacional de prevenci\u00f3n, detecci\u00f3n precoz y tratamiento del c\u00e1ncer de cuello y mama\u201d, cuyo an\u00e1lisis fue tema central de una audiencia p\u00fablica desarrollada en la fecha.<\/p>\n<p style=\"text-align: justify;\">As\u00ed tambi\u00e9n, se encuentra para su estudio, el proyecto de ley \u201cQue modifica el PGN 2021, aprobado por Ley N\u00b0 6.672\/2021 &#8211; Jurado de Enjuiciamiento de Magistrados\u201d, que ya tiene visto bueno del Senado.<\/p>\n","protected":false},"excerpt":{"rendered":"<p>Importantes proyectos fueron incluidos entre los once puntos que figuran en el orden de d\u00eda de la sesi\u00f3n ordinaria que se prev\u00e9 para este mi\u00e9rcoles, 20 de octubre. La convocatoria&hellip; <\/p>\n","protected":false},"author":1,"featured_media":35749,"comment_status":"closed","ping_status":"open","sticky":false,"template":"","format":"standard","meta":{"sfsi_plus_gutenberg_text_before_share":"","sfsi_plus_gutenberg_show_text_before_share":"","sfsi_plus_gutenberg_icon_type":"","sfsi_plus_gutenberg_icon_alignemt":"","sfsi_plus_gutenburg_max_per_row":"","footnotes":"","_jetpack_memberships_contains_paid_content":false,"jetpack_publicize_message":"","jetpack_publicize_feature_enabled":true,"jetpack_social_post_already_shared":true,"jetpack_social_options":{"image_generator_settings":{"template":"highway","enabled":false},"version":2}},"categories":[4],"tags":[],"jetpack_publicize_connections":[],"jetpack_sharing_enabled":true,"jetpack_featured_media_url":"https:\/\/agendaparaguay.com\/v2\/wp-content\/uploads\/2021\/08\/pleno_diputados_miercoles.jpg","_links":{"self":[{"href":"https:\/\/agendaparaguay.com\/v2\/wp-json\/wp\/v2\/posts\/37386"}],"collection":[{"href":"https:\/\/agendaparaguay.com\/v2\/wp-json\/wp\/v2\/posts"}],"about":[{"href":"https:\/\/agendaparaguay.com\/v2\/wp-json\/wp\/v2\/types\/post"}],"author":[{"embeddable":true,"href":"https:\/\/agendaparaguay.com\/v2\/wp-json\/wp\/v2\/users\/1"}],"replies":[{"embeddable":true,"href":"https:\/\/agendaparaguay.com\/v2\/wp-json\/wp\/v2\/comments?post=37386"}],"version-history":[{"count":1,"href":"https:\/\/agendaparaguay.com\/v2\/wp-json\/wp\/v2\/posts\/37386\/revisions"}],"predecessor-version":[{"id":37387,"href":"https:\/\/agendaparaguay.com\/v2\/wp-json\/wp\/v2\/posts\/37386\/revisions\/37387"}],"wp:featuredmedia":[{"embeddable":true,"href":"https:\/\/agendaparaguay.com\/v2\/wp-json\/wp\/v2\/media\/35749"}],"wp:attachment":[{"href":"https:\/\/agendaparaguay.com\/v2\/wp-json\/wp\/v2\/media?parent=37386"}],"wp:term":[{"taxonomy":"category","embeddable":true,"href":"https:\/\/agendaparaguay.com\/v2\/wp-json\/wp\/v2\/categories?post=37386"},{"taxonomy":"post_tag","embeddable":true,"href":"https:\/\/agendaparaguay.com\/v2\/wp-json\/wp\/v2\/tags?post=37386"}],"curies":[{"name":"wp","href":"https:\/\/api.w.org\/{rel}","templated":true}]}}