{"id":37413,"date":"2021-10-20T20:59:11","date_gmt":"2021-10-20T23:59:11","guid":{"rendered":"https:\/\/agendaparaguay.com\/v2\/?p=37413"},"modified":"2021-10-20T21:54:09","modified_gmt":"2021-10-21T00:54:09","slug":"silva-facetti-confirma-que-comision-ratifica-que-alcotest-se-hara-solo-cuando-hay-flagrancia","status":"publish","type":"post","link":"https:\/\/agendaparaguay.com\/v2\/2021\/10\/20\/silva-facetti-confirma-que-comision-ratifica-que-alcotest-se-hara-solo-cuando-hay-flagrancia\/","title":{"rendered":"Silva Facetti confirma que Comisi\u00f3n ratifica que \u201calcotest\u201d se har\u00e1 solo cuando hay flagrancia"},"content":{"rendered":"<p style=\"text-align: justify;\">En sesi\u00f3n ordinaria de este mi\u00e9rcoles, la Comisi\u00f3n Legislaci\u00f3n de la c\u00e1mara de Senadores dictamin\u00f3 el proyecto que modifica la Ley Nro. 5016 \u00abDe tr\u00e1nsito y seguridad vial\u00bb que llena un vac\u00edo legal estableciendo el l\u00edmite m\u00e1ximo de alcohol para que sea considerada \u00abfalta grav\u00edsima\u00bb y que superado ese l\u00edmite pase a ser hecho punible.<!--more--><\/p>\n<p style=\"text-align: justify;\">El senador Fernando Silva Facetti se\u00f1al\u00f3 que dicha comisi\u00f3n ratific\u00f3 que la Patrulla Caminera solo puede realizar el alcotest en caso de que el conductor est\u00e9 en \u00abflagrante transgresi\u00f3n de la normativa.<\/p>\n<p style=\"text-align: justify;\">\u00abNos ratificamos que la #PatrullaCaminera solo pueda realizar #TestAlcolemia en caso de que el conductor est\u00e9 en flagrante transgresi\u00f3n a la ley de tr\u00e1nsito y #PoliciaNacional cuando se deduzca que exista la comisi\u00f3n de un hecho punible en la conducci\u00f3n\u00bb, se\u00f1al\u00f3 el legislador a trav\u00e9s de su cuenta en la red social Twitter.<\/p>\n<p style=\"text-align: justify;\">Silva Facetti destac\u00f3 que \u00aben los gr\u00e1ficos estad\u00edsticos de accidentes de tr\u00e1nsito prove\u00eddos por la Patrulla Caminera encontramos que solo el 7% (SIETE PORCIENTO) de los accidentes de tr\u00e1nsito ocurren bajo efectos de alcohol al volante\u00bb.<\/p>\n<blockquote class=\"twitter-tweet\" data-width=\"550\" data-dnt=\"true\">\n<p lang=\"es\" dir=\"ltr\">Hoy en <a href=\"https:\/\/twitter.com\/hashtag\/Comisi%C3%B3nLegislaci%C3%B3n?src=hash&amp;ref_src=twsrc%5Etfw\">#Comisi\u00f3nLegislaci\u00f3n<\/a>  <a href=\"https:\/\/twitter.com\/SenadoresPy?ref_src=twsrc%5Etfw\">@SenadoresPy<\/a> dictaminamos proyecto q modifica Ley Nro 5016 &quot;De tr\u00e1nsito y seguridad vial&quot; q llena un vac\u00edo legal estableciendo el l\u00edmite m\u00e1ximo de alcohol para q sea considerada <a href=\"https:\/\/twitter.com\/hashtag\/faltaGrav%C3%ADsima?src=hash&amp;ref_src=twsrc%5Etfw\">#faltaGrav\u00edsima<\/a> y q superado ese l\u00edmite pase a ser hecho punible. (1\/3) <a href=\"https:\/\/t.co\/8yVF4wwFw8\">pic.twitter.com\/8yVF4wwFw8<\/a><\/p>\n<p>&mdash; FernandoSilvaFacetti (@FSilvaFacetti) <a href=\"https:\/\/twitter.com\/FSilvaFacetti\/status\/1450952152411746305?ref_src=twsrc%5Etfw\">October 20, 2021<\/a><\/p><\/blockquote>\n<p><script async src=\"https:\/\/platform.twitter.com\/widgets.js\" charset=\"utf-8\"><\/script><\/p>\n","protected":false},"excerpt":{"rendered":"<p>En sesi\u00f3n ordinaria de este mi\u00e9rcoles, la Comisi\u00f3n Legislaci\u00f3n de la c\u00e1mara de Senadores dictamin\u00f3 el proyecto que modifica la Ley Nro. 5016 \u00abDe tr\u00e1nsito y seguridad vial\u00bb que llena&hellip; <\/p>\n","protected":false},"author":1,"featured_media":14491,"comment_status":"closed","ping_status":"open","sticky":false,"template":"","format":"standard","meta":{"sfsi_plus_gutenberg_text_before_share":"","sfsi_plus_gutenberg_show_text_before_share":"","sfsi_plus_gutenberg_icon_type":"","sfsi_plus_gutenberg_icon_alignemt":"","sfsi_plus_gutenburg_max_per_row":"","footnotes":"","_jetpack_memberships_contains_paid_content":false,"jetpack_publicize_message":"","jetpack_publicize_feature_enabled":true,"jetpack_social_post_already_shared":true,"jetpack_social_options":{"image_generator_settings":{"template":"highway","enabled":false},"version":2}},"categories":[3],"tags":[],"jetpack_publicize_connections":[],"jetpack_sharing_enabled":true,"jetpack_featured_media_url":"https:\/\/agendaparaguay.com\/v2\/wp-content\/uploads\/2019\/11\/sen_fernando_silva_1.jpeg","_links":{"self":[{"href":"https:\/\/agendaparaguay.com\/v2\/wp-json\/wp\/v2\/posts\/37413"}],"collection":[{"href":"https:\/\/agendaparaguay.com\/v2\/wp-json\/wp\/v2\/posts"}],"about":[{"href":"https:\/\/agendaparaguay.com\/v2\/wp-json\/wp\/v2\/types\/post"}],"author":[{"embeddable":true,"href":"https:\/\/agendaparaguay.com\/v2\/wp-json\/wp\/v2\/users\/1"}],"replies":[{"embeddable":true,"href":"https:\/\/agendaparaguay.com\/v2\/wp-json\/wp\/v2\/comments?post=37413"}],"version-history":[{"count":1,"href":"https:\/\/agendaparaguay.com\/v2\/wp-json\/wp\/v2\/posts\/37413\/revisions"}],"predecessor-version":[{"id":37414,"href":"https:\/\/agendaparaguay.com\/v2\/wp-json\/wp\/v2\/posts\/37413\/revisions\/37414"}],"wp:featuredmedia":[{"embeddable":true,"href":"https:\/\/agendaparaguay.com\/v2\/wp-json\/wp\/v2\/media\/14491"}],"wp:attachment":[{"href":"https:\/\/agendaparaguay.com\/v2\/wp-json\/wp\/v2\/media?parent=37413"}],"wp:term":[{"taxonomy":"category","embeddable":true,"href":"https:\/\/agendaparaguay.com\/v2\/wp-json\/wp\/v2\/categories?post=37413"},{"taxonomy":"post_tag","embeddable":true,"href":"https:\/\/agendaparaguay.com\/v2\/wp-json\/wp\/v2\/tags?post=37413"}],"curies":[{"name":"wp","href":"https:\/\/api.w.org\/{rel}","templated":true}]}}