{"id":38753,"date":"2021-12-06T08:51:43","date_gmt":"2021-12-06T11:51:43","guid":{"rendered":"https:\/\/agendaparaguay.com\/v2\/?p=38753"},"modified":"2021-12-06T10:29:20","modified_gmt":"2021-12-06T13:29:20","slug":"cambian-al-director-de-la-penitenciaria-regional-de-pjc","status":"publish","type":"post","link":"https:\/\/agendaparaguay.com\/v2\/2021\/12\/06\/cambian-al-director-de-la-penitenciaria-regional-de-pjc\/","title":{"rendered":"Cambian al director de la Penitenciar\u00eda Regional de PJC"},"content":{"rendered":"<p style=\"text-align: justify;\">El Ministerio de Justicia confirm\u00f3 hoy la remoci\u00f3n del m\u00e1ximo responsable de la Penitenciar\u00eda Regional de Pedro Juan Caballero.<!--more--><\/p>\n<p style=\"text-align: justify;\">En este contexto, se informa que, en la fecha, asume como director interino del Penal, el se\u00f1or Bernardino Caballero S\u00e1nchez, en reemplazo de Sixto Daniel Peralta, quien pasa a cumplir otras funciones.<\/p>\n<p style=\"text-align: justify;\">Adem\u00e1s, el Ministerio de Justicia abri\u00f3 una investigaci\u00f3n interna en paralelo a la que realiza el Ministerio P\u00fablico, a ra\u00edz de la reciente fuga de una persona privada de libertad.<\/p>\n","protected":false},"excerpt":{"rendered":"<p>El Ministerio de Justicia confirm\u00f3 hoy la remoci\u00f3n del m\u00e1ximo responsable de la Penitenciar\u00eda Regional de Pedro Juan Caballero.<\/p>\n","protected":false},"author":1,"featured_media":15285,"comment_status":"closed","ping_status":"open","sticky":false,"template":"","format":"standard","meta":{"sfsi_plus_gutenberg_text_before_share":"","sfsi_plus_gutenberg_show_text_before_share":"","sfsi_plus_gutenberg_icon_type":"","sfsi_plus_gutenberg_icon_alignemt":"","sfsi_plus_gutenburg_max_per_row":"","footnotes":"","_jetpack_memberships_contains_paid_content":false,"jetpack_publicize_message":"","jetpack_publicize_feature_enabled":true,"jetpack_social_post_already_shared":true,"jetpack_social_options":{"image_generator_settings":{"template":"highway","enabled":false},"version":2}},"categories":[5],"tags":[],"jetpack_publicize_connections":[],"jetpack_sharing_enabled":true,"jetpack_featured_media_url":"https:\/\/agendaparaguay.com\/v2\/wp-content\/uploads\/2019\/11\/carcel_pjc.jpg","_links":{"self":[{"href":"https:\/\/agendaparaguay.com\/v2\/wp-json\/wp\/v2\/posts\/38753"}],"collection":[{"href":"https:\/\/agendaparaguay.com\/v2\/wp-json\/wp\/v2\/posts"}],"about":[{"href":"https:\/\/agendaparaguay.com\/v2\/wp-json\/wp\/v2\/types\/post"}],"author":[{"embeddable":true,"href":"https:\/\/agendaparaguay.com\/v2\/wp-json\/wp\/v2\/users\/1"}],"replies":[{"embeddable":true,"href":"https:\/\/agendaparaguay.com\/v2\/wp-json\/wp\/v2\/comments?post=38753"}],"version-history":[{"count":1,"href":"https:\/\/agendaparaguay.com\/v2\/wp-json\/wp\/v2\/posts\/38753\/revisions"}],"predecessor-version":[{"id":38754,"href":"https:\/\/agendaparaguay.com\/v2\/wp-json\/wp\/v2\/posts\/38753\/revisions\/38754"}],"wp:featuredmedia":[{"embeddable":true,"href":"https:\/\/agendaparaguay.com\/v2\/wp-json\/wp\/v2\/media\/15285"}],"wp:attachment":[{"href":"https:\/\/agendaparaguay.com\/v2\/wp-json\/wp\/v2\/media?parent=38753"}],"wp:term":[{"taxonomy":"category","embeddable":true,"href":"https:\/\/agendaparaguay.com\/v2\/wp-json\/wp\/v2\/categories?post=38753"},{"taxonomy":"post_tag","embeddable":true,"href":"https:\/\/agendaparaguay.com\/v2\/wp-json\/wp\/v2\/tags?post=38753"}],"curies":[{"name":"wp","href":"https:\/\/api.w.org\/{rel}","templated":true}]}}