{"id":38780,"date":"2021-12-07T00:01:26","date_gmt":"2021-12-07T03:01:26","guid":{"rendered":"https:\/\/agendaparaguay.com\/v2\/?p=38780"},"modified":"2021-12-07T08:46:20","modified_gmt":"2021-12-07T11:46:20","slug":"presunto-secuestro-de-joven-menonita-de-23-anos","status":"publish","type":"post","link":"https:\/\/agendaparaguay.com\/v2\/2021\/12\/07\/presunto-secuestro-de-joven-menonita-de-23-anos\/","title":{"rendered":"Presunto secuestro de joven menonita de 23 a\u00f1os"},"content":{"rendered":"<p style=\"text-align: justify;\">Responsables de la Fuerza de Tarea Conjunta, FTC reportan un presunto hecho de secuestro de un joven menonita de 23 a\u00f1os, que ocurri\u00f3 en la tarde de este lunes en el Departamento de San Pedro. Fuentes policiales afirman que ser\u00eda de nacionalidad paraguaya, y que los autores del hecho ser\u00edan miembros del grupo criminal Ej\u00e9rcito del Pueblo Paraguayo, EPP.<!--more--><\/p>\n<p style=\"text-align: justify;\">El hecho habr\u00eda ocurrido cerca de las 17:00 horas, en la estancia Guyra Campana, en una localidad ubicada entre los Departamentos de Amambay y Canindeyu.<\/p>\n<p style=\"text-align: justify;\">El joven fue identificado como Pedro Reimer, de 23 a\u00f1os. A estas horas se reporta un gran despliegue de uniformados en la zona, u aunque se desconoce el monto, los secuestradores ya hab\u00edan pedido dinero a cambio de la liberaci\u00f3n del joven. Foto: Ilustraci\u00f3n<\/p>\n","protected":false},"excerpt":{"rendered":"<p>Responsables de la Fuerza de Tarea Conjunta, FTC reportan un presunto hecho de secuestro de un joven menonita de 23 a\u00f1os, que ocurri\u00f3 en la tarde de este lunes en&hellip; <\/p>\n","protected":false},"author":1,"featured_media":32680,"comment_status":"closed","ping_status":"open","sticky":false,"template":"","format":"standard","meta":{"sfsi_plus_gutenberg_text_before_share":"","sfsi_plus_gutenberg_show_text_before_share":"","sfsi_plus_gutenberg_icon_type":"","sfsi_plus_gutenberg_icon_alignemt":"","sfsi_plus_gutenburg_max_per_row":"","footnotes":"","_jetpack_memberships_contains_paid_content":false,"jetpack_publicize_message":"","jetpack_publicize_feature_enabled":true,"jetpack_social_post_already_shared":true,"jetpack_social_options":{"image_generator_settings":{"template":"highway","enabled":false},"version":2}},"categories":[5],"tags":[],"jetpack_publicize_connections":[],"jetpack_sharing_enabled":true,"jetpack_featured_media_url":"https:\/\/agendaparaguay.com\/v2\/wp-content\/uploads\/2021\/05\/campamento_epp.jpeg","_links":{"self":[{"href":"https:\/\/agendaparaguay.com\/v2\/wp-json\/wp\/v2\/posts\/38780"}],"collection":[{"href":"https:\/\/agendaparaguay.com\/v2\/wp-json\/wp\/v2\/posts"}],"about":[{"href":"https:\/\/agendaparaguay.com\/v2\/wp-json\/wp\/v2\/types\/post"}],"author":[{"embeddable":true,"href":"https:\/\/agendaparaguay.com\/v2\/wp-json\/wp\/v2\/users\/1"}],"replies":[{"embeddable":true,"href":"https:\/\/agendaparaguay.com\/v2\/wp-json\/wp\/v2\/comments?post=38780"}],"version-history":[{"count":1,"href":"https:\/\/agendaparaguay.com\/v2\/wp-json\/wp\/v2\/posts\/38780\/revisions"}],"predecessor-version":[{"id":38781,"href":"https:\/\/agendaparaguay.com\/v2\/wp-json\/wp\/v2\/posts\/38780\/revisions\/38781"}],"wp:featuredmedia":[{"embeddable":true,"href":"https:\/\/agendaparaguay.com\/v2\/wp-json\/wp\/v2\/media\/32680"}],"wp:attachment":[{"href":"https:\/\/agendaparaguay.com\/v2\/wp-json\/wp\/v2\/media?parent=38780"}],"wp:term":[{"taxonomy":"category","embeddable":true,"href":"https:\/\/agendaparaguay.com\/v2\/wp-json\/wp\/v2\/categories?post=38780"},{"taxonomy":"post_tag","embeddable":true,"href":"https:\/\/agendaparaguay.com\/v2\/wp-json\/wp\/v2\/tags?post=38780"}],"curies":[{"name":"wp","href":"https:\/\/api.w.org\/{rel}","templated":true}]}}