{"id":38942,"date":"2021-12-13T14:11:52","date_gmt":"2021-12-13T17:11:52","guid":{"rendered":"https:\/\/agendaparaguay.com\/v2\/?p=38942"},"modified":"2021-12-13T14:11:52","modified_gmt":"2021-12-13T17:11:52","slug":"policia-nacional-lanza-operativo-fin-de-ano-para-brindar-mayor-seguridad-en-las-calles","status":"publish","type":"post","link":"https:\/\/agendaparaguay.com\/v2\/2021\/12\/13\/policia-nacional-lanza-operativo-fin-de-ano-para-brindar-mayor-seguridad-en-las-calles\/","title":{"rendered":"Polic\u00eda Nacional lanza operativo Fin de A\u00f1o para brindar mayor seguridad en las calles"},"content":{"rendered":"<p style=\"text-align: justify;\">La Polic\u00eda Nacional lanz\u00f3 oficialmente una nueva edici\u00f3n del operativo Fin de A\u00f1o, con el que se prev\u00e9 reforzar la seguridad de cara a los d\u00edas de mayor movimiento comercial, en diversas \u00e1reas de la capital y el departamento Central.<!--more--><\/p>\n<p style=\"text-align: justify;\">El acto de lanzamiento se realiz\u00f3 este lunes en la sede de la Comandancia, donde estuvieron los altos jefes policiales, as\u00ed como los uniformados que estar\u00e1n involucrados en el operativo.<\/p>\n<p style=\"text-align: justify;\">Para el efecto, la Polic\u00eda desplegar\u00e1 al 100 por ciento de sus efectivos para reforzar la seguridad en las calles y puntos estrat\u00e9gicos en los \u00faltimos meses del a\u00f1o. El operativo arranca hoy y se extender\u00e1 hasta el pr\u00f3ximo 8 de enero.<\/p>\n<p style=\"text-align: justify;\">El subcomandante de la Polic\u00eda Nacional, Gilberto Fleitas, inform\u00f3 que para este a\u00f1o se proyecta implementar un sistema de trabajo diferente, apoyado por la tecnolog\u00eda a los efectos de lograr resultados m\u00e1s auspicios.<\/p>\n<p style=\"text-align: justify;\">\u201cCada grupo ya sean patrulleros a pie o patrulleros m\u00f3viles tendr\u00e1n el georeferenciamiento de las entidades bancarias, financieras y de los locales comerciales para actuar con sus respectivos equipos. Cada grupo tendr\u00e1 una zona geogr\u00e1fica delimitada por la Direcci\u00f3n Nacional de Inteligencia\u201d, detall\u00f3.<\/p>\n<p style=\"text-align: justify;\">Al respecto, enfatiz\u00f3 que el objetivo es prevenir todo tipo de delitos, as\u00ed como atender los requerimientos de la ciudadana en materia de seguridad durante las festividades de Navidad y A\u00f1o Nuevo, \u00e9poca en la que se registra un mayor movimiento comercial.<\/p>\n<p style=\"text-align: justify;\">\u201cQueremos generar la confianza y garant\u00eda para que la gente salga a realizar sus actividades normales tanto los gremios, empresarios como ciudadan\u00eda en general. Justamente vamos a trabajar para garantizar el normal desarrollo de la gesti\u00f3n de los compatriotas\u201d, exterioriz\u00f3.<\/p>\n<p style=\"text-align: justify;\">El alto jefe policial resalt\u00f3 que la instituci\u00f3n est\u00e1 haciendo un enorme esfuerzo para cerrar el a\u00f1o de la mejor manera posible y \u201ctener una fiesta de Navidad y A\u00f1o con armon\u00eda en los hogares paraguayos\u201d, subray\u00f3.<\/p>\n<p style=\"text-align: justify;\">A su vez, la jefa de Relaciones P\u00fablicas de la Polic\u00eda Nacional, Elena Andrada remarc\u00f3 que la intenci\u00f3n es abarcar la mayor cantidad de zonas posibles, principalmente las \u00e1reas donde est\u00e1n asentadas los bancos, financieras y locales comerciales.<\/p>\n<p style=\"text-align: justify;\">\u201cTambi\u00e9n vamos a tener el acompa\u00f1amiento del personal administrativo del Isepol que por 10 d\u00edas tendr\u00e1n a su cargo el desarrollo de los servicios, es decir colaborando con la tarea preventiva. Con el n\u00famero de apoyo que tenemos creemos que vamos a cumplir con el 100 por ciento de las necesidades\u201d, expres\u00f3 finalmente. Fuente: Ip<\/p>\n","protected":false},"excerpt":{"rendered":"<p>La Polic\u00eda Nacional lanz\u00f3 oficialmente una nueva edici\u00f3n del operativo Fin de A\u00f1o, con el que se prev\u00e9 reforzar la seguridad de cara a los d\u00edas de mayor movimiento comercial,&hellip; <\/p>\n","protected":false},"author":1,"featured_media":8821,"comment_status":"closed","ping_status":"open","sticky":false,"template":"","format":"standard","meta":{"sfsi_plus_gutenberg_text_before_share":"","sfsi_plus_gutenberg_show_text_before_share":"","sfsi_plus_gutenberg_icon_type":"","sfsi_plus_gutenberg_icon_alignemt":"","sfsi_plus_gutenburg_max_per_row":"","footnotes":"","_jetpack_memberships_contains_paid_content":false,"jetpack_publicize_message":"","jetpack_publicize_feature_enabled":true,"jetpack_social_post_already_shared":true,"jetpack_social_options":{"image_generator_settings":{"template":"highway","enabled":false},"version":2}},"categories":[5],"tags":[],"jetpack_publicize_connections":[],"jetpack_sharing_enabled":true,"jetpack_featured_media_url":"https:\/\/agendaparaguay.com\/v2\/wp-content\/uploads\/2019\/05\/detenidos_asalto_a_embarazada.jpg","_links":{"self":[{"href":"https:\/\/agendaparaguay.com\/v2\/wp-json\/wp\/v2\/posts\/38942"}],"collection":[{"href":"https:\/\/agendaparaguay.com\/v2\/wp-json\/wp\/v2\/posts"}],"about":[{"href":"https:\/\/agendaparaguay.com\/v2\/wp-json\/wp\/v2\/types\/post"}],"author":[{"embeddable":true,"href":"https:\/\/agendaparaguay.com\/v2\/wp-json\/wp\/v2\/users\/1"}],"replies":[{"embeddable":true,"href":"https:\/\/agendaparaguay.com\/v2\/wp-json\/wp\/v2\/comments?post=38942"}],"version-history":[{"count":1,"href":"https:\/\/agendaparaguay.com\/v2\/wp-json\/wp\/v2\/posts\/38942\/revisions"}],"predecessor-version":[{"id":38943,"href":"https:\/\/agendaparaguay.com\/v2\/wp-json\/wp\/v2\/posts\/38942\/revisions\/38943"}],"wp:featuredmedia":[{"embeddable":true,"href":"https:\/\/agendaparaguay.com\/v2\/wp-json\/wp\/v2\/media\/8821"}],"wp:attachment":[{"href":"https:\/\/agendaparaguay.com\/v2\/wp-json\/wp\/v2\/media?parent=38942"}],"wp:term":[{"taxonomy":"category","embeddable":true,"href":"https:\/\/agendaparaguay.com\/v2\/wp-json\/wp\/v2\/categories?post=38942"},{"taxonomy":"post_tag","embeddable":true,"href":"https:\/\/agendaparaguay.com\/v2\/wp-json\/wp\/v2\/tags?post=38942"}],"curies":[{"name":"wp","href":"https:\/\/api.w.org\/{rel}","templated":true}]}}