{"id":38988,"date":"2021-12-14T22:16:50","date_gmt":"2021-12-15T01:16:50","guid":{"rendered":"https:\/\/agendaparaguay.com\/v2\/?p=38988"},"modified":"2021-12-15T07:20:17","modified_gmt":"2021-12-15T10:20:17","slug":"salud-publica-informa-sobre-3-fallecimientos-y-98-positivos-en-24-horas","status":"publish","type":"post","link":"https:\/\/agendaparaguay.com\/v2\/2021\/12\/14\/salud-publica-informa-sobre-3-fallecimientos-y-98-positivos-en-24-horas\/","title":{"rendered":"Salud P\u00fablica informa sobre 3 fallecimientos y 98 positivos en 24 horas"},"content":{"rendered":"<p style=\"text-align: justify;\">El Ministerio de Salud P\u00fablica inform\u00f3 este martes sobre la muerte de 3 pacientes por complicaciones presentadas por Covid19. El n\u00famero de v\u00edctimas trepa a 16.516.<!--more--><\/p>\n<p style=\"text-align: justify;\">La cartera Sanitaria indic\u00f3 igualmente que, de 2.873 muestras analizadas, 98 resultaron positivos. El total de casos confirmados sube a 463.926.<\/p>\n<p style=\"text-align: justify;\">En cuanto a los pacientes internados, son 111 hospitalizados, de los cuales, 54 est\u00e1n en cuidados intensivos, UTI.<\/p>\n","protected":false},"excerpt":{"rendered":"<p>El Ministerio de Salud P\u00fablica inform\u00f3 este martes sobre la muerte de 3 pacientes por complicaciones presentadas por Covid19. El n\u00famero de v\u00edctimas trepa a 16.516.<\/p>\n","protected":false},"author":1,"featured_media":35480,"comment_status":"closed","ping_status":"open","sticky":false,"template":"","format":"standard","meta":{"sfsi_plus_gutenberg_text_before_share":"","sfsi_plus_gutenberg_show_text_before_share":"","sfsi_plus_gutenberg_icon_type":"","sfsi_plus_gutenberg_icon_alignemt":"","sfsi_plus_gutenburg_max_per_row":"","footnotes":"","_jetpack_memberships_contains_paid_content":false,"jetpack_publicize_message":"","jetpack_publicize_feature_enabled":true,"jetpack_social_post_already_shared":true,"jetpack_social_options":{"image_generator_settings":{"template":"highway","enabled":false},"version":2}},"categories":[5],"tags":[],"jetpack_publicize_connections":[],"jetpack_sharing_enabled":true,"jetpack_featured_media_url":"https:\/\/agendaparaguay.com\/v2\/wp-content\/uploads\/2021\/08\/covid_terapia_intensiva.jpg","_links":{"self":[{"href":"https:\/\/agendaparaguay.com\/v2\/wp-json\/wp\/v2\/posts\/38988"}],"collection":[{"href":"https:\/\/agendaparaguay.com\/v2\/wp-json\/wp\/v2\/posts"}],"about":[{"href":"https:\/\/agendaparaguay.com\/v2\/wp-json\/wp\/v2\/types\/post"}],"author":[{"embeddable":true,"href":"https:\/\/agendaparaguay.com\/v2\/wp-json\/wp\/v2\/users\/1"}],"replies":[{"embeddable":true,"href":"https:\/\/agendaparaguay.com\/v2\/wp-json\/wp\/v2\/comments?post=38988"}],"version-history":[{"count":1,"href":"https:\/\/agendaparaguay.com\/v2\/wp-json\/wp\/v2\/posts\/38988\/revisions"}],"predecessor-version":[{"id":38989,"href":"https:\/\/agendaparaguay.com\/v2\/wp-json\/wp\/v2\/posts\/38988\/revisions\/38989"}],"wp:featuredmedia":[{"embeddable":true,"href":"https:\/\/agendaparaguay.com\/v2\/wp-json\/wp\/v2\/media\/35480"}],"wp:attachment":[{"href":"https:\/\/agendaparaguay.com\/v2\/wp-json\/wp\/v2\/media?parent=38988"}],"wp:term":[{"taxonomy":"category","embeddable":true,"href":"https:\/\/agendaparaguay.com\/v2\/wp-json\/wp\/v2\/categories?post=38988"},{"taxonomy":"post_tag","embeddable":true,"href":"https:\/\/agendaparaguay.com\/v2\/wp-json\/wp\/v2\/tags?post=38988"}],"curies":[{"name":"wp","href":"https:\/\/api.w.org\/{rel}","templated":true}]}}