{"id":39024,"date":"2021-12-15T16:10:47","date_gmt":"2021-12-15T19:10:47","guid":{"rendered":"https:\/\/agendaparaguay.com\/v2\/?p=39024"},"modified":"2021-12-15T22:42:18","modified_gmt":"2021-12-16T01:42:18","slug":"diputados-sanciono-prestamo-para-financiar-censo-nacional-del-2022","status":"publish","type":"post","link":"https:\/\/agendaparaguay.com\/v2\/2021\/12\/15\/diputados-sanciono-prestamo-para-financiar-censo-nacional-del-2022\/","title":{"rendered":"Diputados sancion\u00f3 pr\u00e9stamo para financiar censo nacional del 2022"},"content":{"rendered":"<p style=\"text-align: justify;\">La C\u00e1mara de Diputados aprob\u00f3, durante la sesi\u00f3n extraordinaria de la fecha, un pr\u00e9stamo de 43 millones de d\u00f3lares, suscrito entre nuestro pa\u00eds y el Banco Interamericano de Desarrollo (BID), para el financiamiento de un censo nacional en el 2022, a ser realizado por el Instituto Nacional de Estad\u00edstica (INE).<!--more--><\/p>\n<p style=\"text-align: justify;\">Se trata del proyecto de ley \u201cQue aprueba el Contrato de Pr\u00e9stamo N\u00b0 5224\/OC-PR, suscrito el 8 de julio de 2021, entre la Rep\u00fablica del Paraguay y el Banco Interamericano de Desarrollo (BID), para el financiamiento del Programa de Fortalecimiento del Sistema Estad\u00edstico Nacional de Paraguay, por un monto total de hasta cuarenta y tres millones de d\u00f3lares de los Estados Unidos de Am\u00e9rica (US$ 43.000.000), a cargo del Instituto Nacional de Estad\u00edstica (INE), y ampl\u00eda el Presupuesto General de la Naci\u00f3n para el Ejercicio Fiscal 2021, aprobado por Ley N\u00b0 6672 del 7 de enero de 2021\u201d.<\/p>\n<p style=\"text-align: justify;\">Al momento de considerarse el tema, el diputado Tadeo Rojas (ANR-Central), presidente de la Comisi\u00f3n de Presupuesto, explic\u00f3 que el documento se encuentra en su segundo tr\u00e1mite constitucional, y mencion\u00f3 que se trata de un pr\u00e9stamo que financiar\u00e1, entre otros \u00edtems, actividades pre-censales como la actualizaci\u00f3n cartogr\u00e1fica, dise\u00f1o de cuestionario, censo experimental, tecnolog\u00eda de captura y campa\u00f1a de comunicaci\u00f3n y sensibilizaci\u00f3n de la poblaci\u00f3n.<\/p>\n<p style=\"text-align: justify;\">Igualmente, para la contrataci\u00f3n de equipo censal y su capacitaci\u00f3n, despliegue y organizaci\u00f3n, as\u00ed como la realizaci\u00f3n del censo ind\u00edgena, que es la \u00fanica fuente de informaci\u00f3n disponible para esta poblaci\u00f3n.<\/p>\n<p style=\"text-align: justify;\">\u201cEl programa comprende tres componentes; primeramente, el apoyo a la realizaci\u00f3n del censo nacional de poblaci\u00f3n y vivienda; el segundo componente se relaciona al fomento del uso de la informaci\u00f3n como insumo de la pol\u00edtica p\u00fablica; y el tercer y \u00faltimo componente, se refiere al fortalecimiento institucional del INE, espec\u00edficamente, para el aprovechamiento estad\u00edstico de los registros administrativos\u201d, se\u00f1al\u00f3 el legislador.<\/p>\n<p style=\"text-align: justify;\">Explic\u00f3 que la Comisi\u00f3n de Presupuesto aconseja la aprobaci\u00f3n del proyecto, teniendo en cuenta la importancia y necesidad del pa\u00eds de tener un censo nacional de poblaci\u00f3n y vivienda actualizado, de manera a que se pueda responder a las proyecciones de las pol\u00edticas p\u00fablicas del Estado.<\/p>\n<p style=\"text-align: justify;\">Todos los legisladores argumentaron por la aprobaci\u00f3n del documento de ley, coincidiendo en la necesidad de que el pa\u00eds tenga una radiograf\u00eda correcta a nivel nacional y que el mismo ser\u00eda una reivindicaci\u00f3n hist\u00f3rica.<\/p>\n<p style=\"text-align: justify;\">Tras la aprobaci\u00f3n del proyecto, se dispuso su remisi\u00f3n al Poder Ejecutivo para su posterior promulgaci\u00f3n o veto. Fuente: Diputados<\/p>\n","protected":false},"excerpt":{"rendered":"<p>La C\u00e1mara de Diputados aprob\u00f3, durante la sesi\u00f3n extraordinaria de la fecha, un pr\u00e9stamo de 43 millones de d\u00f3lares, suscrito entre nuestro pa\u00eds y el Banco Interamericano de Desarrollo (BID),&hellip; <\/p>\n","protected":false},"author":1,"featured_media":23910,"comment_status":"closed","ping_status":"open","sticky":false,"template":"","format":"standard","meta":{"sfsi_plus_gutenberg_text_before_share":"","sfsi_plus_gutenberg_show_text_before_share":"","sfsi_plus_gutenberg_icon_type":"","sfsi_plus_gutenberg_icon_alignemt":"","sfsi_plus_gutenburg_max_per_row":"","footnotes":"","_jetpack_memberships_contains_paid_content":false,"jetpack_publicize_message":"","jetpack_publicize_feature_enabled":true,"jetpack_social_post_already_shared":true,"jetpack_social_options":{"image_generator_settings":{"template":"highway","enabled":false},"version":2}},"categories":[4],"tags":[],"jetpack_publicize_connections":[],"jetpack_sharing_enabled":true,"jetpack_featured_media_url":"https:\/\/agendaparaguay.com\/v2\/wp-content\/uploads\/2020\/08\/pleno_diputados_01.jpeg","_links":{"self":[{"href":"https:\/\/agendaparaguay.com\/v2\/wp-json\/wp\/v2\/posts\/39024"}],"collection":[{"href":"https:\/\/agendaparaguay.com\/v2\/wp-json\/wp\/v2\/posts"}],"about":[{"href":"https:\/\/agendaparaguay.com\/v2\/wp-json\/wp\/v2\/types\/post"}],"author":[{"embeddable":true,"href":"https:\/\/agendaparaguay.com\/v2\/wp-json\/wp\/v2\/users\/1"}],"replies":[{"embeddable":true,"href":"https:\/\/agendaparaguay.com\/v2\/wp-json\/wp\/v2\/comments?post=39024"}],"version-history":[{"count":1,"href":"https:\/\/agendaparaguay.com\/v2\/wp-json\/wp\/v2\/posts\/39024\/revisions"}],"predecessor-version":[{"id":39025,"href":"https:\/\/agendaparaguay.com\/v2\/wp-json\/wp\/v2\/posts\/39024\/revisions\/39025"}],"wp:featuredmedia":[{"embeddable":true,"href":"https:\/\/agendaparaguay.com\/v2\/wp-json\/wp\/v2\/media\/23910"}],"wp:attachment":[{"href":"https:\/\/agendaparaguay.com\/v2\/wp-json\/wp\/v2\/media?parent=39024"}],"wp:term":[{"taxonomy":"category","embeddable":true,"href":"https:\/\/agendaparaguay.com\/v2\/wp-json\/wp\/v2\/categories?post=39024"},{"taxonomy":"post_tag","embeddable":true,"href":"https:\/\/agendaparaguay.com\/v2\/wp-json\/wp\/v2\/tags?post=39024"}],"curies":[{"name":"wp","href":"https:\/\/api.w.org\/{rel}","templated":true}]}}