{"id":39386,"date":"2022-01-03T16:00:28","date_gmt":"2022-01-03T19:00:28","guid":{"rendered":"https:\/\/agendaparaguay.com\/v2\/?p=39386"},"modified":"2022-01-03T21:27:00","modified_gmt":"2022-01-04T00:27:00","slug":"velazquez-reitera-falta-de-independencia-de-santi-pena-y-no-descarta-una-mujer-para-su-vice","status":"publish","type":"post","link":"https:\/\/agendaparaguay.com\/v2\/2022\/01\/03\/velazquez-reitera-falta-de-independencia-de-santi-pena-y-no-descarta-una-mujer-para-su-vice\/","title":{"rendered":"Vel\u00e1zquez reitera falta de independencia de Santi Pe\u00f1a y no descarta una mujer para su vice"},"content":{"rendered":"<p style=\"text-align: justify;\">El vicepresidente de la rep\u00fablica, Hugo Vel\u00e1zquez critic\u00f3 fuertemente la falta de independencia y liderazgo del presidenciable de Honor Colorado, Santiago Pe\u00f1a. \u201cEso es lo que todo el pueblo conoce de \u00e9l, que va a ser una persona que va a actuar conforme a la persona que le est\u00e1 llevando como candidato, es decir, \u00e9l no tiene ninguna candidatura ni liderazgo aut\u00f3nomo\u201d dijo Hugo Vel\u00e1zquez.<!--more--><\/p>\n<p style=\"text-align: justify;\">Pe\u00f1a tiene mejores cifras en estad\u00edsticas. \u201cL\u00f3gicamente se podr\u00eda dar eso, desde hace cuatro a\u00f1os que \u00e9l es candidato, yo estoy comenzando el trabajo desde octubre, a nosotros nos alienta la forma en que estamos creciendo y la manera que \u00e9l est\u00e1 bajando\u201d manifest\u00f3 el Vicepresidente quien asegur\u00f3 que MAB respalda su candidatura. \u201cEl Pdte. Acompa\u00f1a mi candidatura 100%\u201d expres\u00f3.<\/p>\n<p style=\"text-align: justify;\">Record\u00f3 que a\u00fan falta para confirmar candidatura de \u201cMarito\u201d a la Junta de Gobierno de la ANR. \u201cEso \u00e9l ya hab\u00eda manifestado que va a resolver en el mes de marzo\u201d expres\u00f3 al tiempo de hablar de su dupla o acompa\u00f1ante en la chapa para el 2023. \u201cYo voy a definir quien me va a acompa\u00f1ar en la chapa, no descarto que sea mujer o var\u00f3n, pero yo voy a decidir\u201d asegur\u00f3 el precandidato.<\/p>\n<p style=\"text-align: justify;\">Abrir o no la posibilidad de aliarse con otros partidos fuera de la ANR. \u201cEso es lo que en este momento solicit\u00e9 a los convencionales que pregunten al pueblo colorado que es lo que el pueblo colorado piensa en virtud a eso estoy teniendo las primeras conversaciones de vuelta con los convencionales pero, eso lo vamos a resolver en este enero, hab\u00edamos resuelto preguntar al partido este enero y febrero si abrimos el partido a otros partidos que no sean colorados o si nos mantenemos una candidatura exclusivamente colorado. Se manejan nombres pero, no los voy a dar todav\u00eda\u201d cont\u00f3 el presidenciable.<\/p>\n<p style=\"text-align: justify;\">Foto de alta funcionaria del TSJE con Horacio Cartes y Santiago Pe\u00f1a. \u201cTodav\u00eda es muy reciente, pas\u00f3 este fin de semana esa foto, me parece un poco anti \u00e9tico que ella representando al partido colorado en un lugar tan importante como el TSJE ella juegue hacia uno de los movimientos\u201d finaliz\u00f3 el segundo del Ejecutivo.<\/p>\n","protected":false},"excerpt":{"rendered":"<p>El vicepresidente de la rep\u00fablica, Hugo Vel\u00e1zquez critic\u00f3 fuertemente la falta de independencia y liderazgo del presidenciable de Honor Colorado, Santiago Pe\u00f1a. \u201cEso es lo que todo el pueblo conoce&hellip; <\/p>\n","protected":false},"author":1,"featured_media":34912,"comment_status":"closed","ping_status":"open","sticky":false,"template":"","format":"standard","meta":{"sfsi_plus_gutenberg_text_before_share":"","sfsi_plus_gutenberg_show_text_before_share":"","sfsi_plus_gutenberg_icon_type":"","sfsi_plus_gutenberg_icon_alignemt":"","sfsi_plus_gutenburg_max_per_row":"","footnotes":"","_jetpack_memberships_contains_paid_content":false,"jetpack_publicize_message":"","jetpack_publicize_feature_enabled":true,"jetpack_social_post_already_shared":true,"jetpack_social_options":{"image_generator_settings":{"template":"highway","enabled":false},"version":2}},"categories":[2],"tags":[],"jetpack_publicize_connections":[],"jetpack_sharing_enabled":true,"jetpack_featured_media_url":"https:\/\/agendaparaguay.com\/v2\/wp-content\/uploads\/2021\/07\/hugo_velazquez_4.jpg","_links":{"self":[{"href":"https:\/\/agendaparaguay.com\/v2\/wp-json\/wp\/v2\/posts\/39386"}],"collection":[{"href":"https:\/\/agendaparaguay.com\/v2\/wp-json\/wp\/v2\/posts"}],"about":[{"href":"https:\/\/agendaparaguay.com\/v2\/wp-json\/wp\/v2\/types\/post"}],"author":[{"embeddable":true,"href":"https:\/\/agendaparaguay.com\/v2\/wp-json\/wp\/v2\/users\/1"}],"replies":[{"embeddable":true,"href":"https:\/\/agendaparaguay.com\/v2\/wp-json\/wp\/v2\/comments?post=39386"}],"version-history":[{"count":1,"href":"https:\/\/agendaparaguay.com\/v2\/wp-json\/wp\/v2\/posts\/39386\/revisions"}],"predecessor-version":[{"id":39387,"href":"https:\/\/agendaparaguay.com\/v2\/wp-json\/wp\/v2\/posts\/39386\/revisions\/39387"}],"wp:featuredmedia":[{"embeddable":true,"href":"https:\/\/agendaparaguay.com\/v2\/wp-json\/wp\/v2\/media\/34912"}],"wp:attachment":[{"href":"https:\/\/agendaparaguay.com\/v2\/wp-json\/wp\/v2\/media?parent=39386"}],"wp:term":[{"taxonomy":"category","embeddable":true,"href":"https:\/\/agendaparaguay.com\/v2\/wp-json\/wp\/v2\/categories?post=39386"},{"taxonomy":"post_tag","embeddable":true,"href":"https:\/\/agendaparaguay.com\/v2\/wp-json\/wp\/v2\/tags?post=39386"}],"curies":[{"name":"wp","href":"https:\/\/api.w.org\/{rel}","templated":true}]}}