{"id":39903,"date":"2022-01-20T17:40:15","date_gmt":"2022-01-20T20:40:15","guid":{"rendered":"https:\/\/agendaparaguay.com\/v2\/?p=39903"},"modified":"2022-01-20T21:34:07","modified_gmt":"2022-01-21T00:34:07","slug":"confirman-apoyo-al-proyecto-de-ley-de-emergencia-sanitaria-pero-con-modificaciones","status":"publish","type":"post","link":"https:\/\/agendaparaguay.com\/v2\/2022\/01\/20\/confirman-apoyo-al-proyecto-de-ley-de-emergencia-sanitaria-pero-con-modificaciones\/","title":{"rendered":"Confirman apoyo al proyecto de ley de emergencia sanitaria, pero con modificaciones"},"content":{"rendered":"<p style=\"text-align: justify;\">El diputado Derlis Maidana, ratific\u00f3 que la postura de la Bancada \u201cHonor Colorado\u201d, es la de apoyar la normativa que apunta a extender la vigencia de la ley de emergencia sanitaria, pero con algunas modificaciones. Dicho proyecto ser\u00e1 uno de los asuntos a tratar en la sesi\u00f3n extraordinaria de la C\u00e1mara de Diputados, convocada para el pr\u00f3ximo lunes.<!--more--><\/p>\n<p style=\"text-align: justify;\">El legislador sostuvo que hay total respaldo para garantizar la compra de biol\u00f3gicos contra el Covid-19; as\u00ed como la cobertura de pacientes internados en terapia intensiva por causa del Coronavirus.<\/p>\n<p style=\"text-align: justify;\">\u201cEstamos de acuerdo con aprobar la ley, con modificaciones, en el sentido de brindar recursos para la compra de vacunas y sostener la cobertura de pacientes en los sanatorios y hospitales, p\u00fablicos y privados, que est\u00e9n en terapia\u201d, afirm\u00f3 el congresista.<\/p>\n<p style=\"text-align: justify;\">Cabe recordar que la Comisi\u00f3n Permanente del Congreso Nacional convoc\u00f3 a sesi\u00f3n extraordinaria de la C\u00e1mara de Diputados, para el pr\u00f3ximo lunes, 24 de enero, a las 09:00 horas.<\/p>\n<p style=\"text-align: justify;\">El proyecto de ley de emergencia sanitaria, que ya cuenta con media sanci\u00f3n de la C\u00e1mara de Senadores, ser\u00e1 el primer punto a considerar.<\/p>\n<p style=\"text-align: justify;\">La denominaci\u00f3n oficial de la normativa es: Proyecto de Ley \u201cQue declara estado de emergencia en todo el territorio de la Rep\u00fablica del Paraguay, y la ampliaci\u00f3n de la vigencia de las leyes N\u00ba 6.707\/2021, que declara bien p\u00fablico la investigaci\u00f3n, desarrollo, fabricaci\u00f3n y adquisici\u00f3n para la distribuci\u00f3n gratuita a la poblaci\u00f3n, de las vacunas contra el Covid-19, y su modificatoria, ley N\u00b0 6.727\/2021, y la ley N\u00ba 6.742\/2021, que crea el Fondo Nacional de Cobertura a Pacientes Hospitalizados con Covid-19, y su modificatoria, ley N\u00b0 6.848\/2021; y facultase al Instituto de Previsi\u00f3n Social (IPS), al pago de compensaciones econ\u00f3micas a trabajadores formales suspendidos por aislamiento preventivo\u201d.<\/p>\n<p style=\"text-align: justify;\">El segundo tema a ser incluido en el orden del d\u00eda es el Proyecto de Ley \u201cQue declara emergencia en todo el territorio de la Rep\u00fablica del Paraguay\u201d, de los senadores Hugo Richer (FG), y Jos\u00e9 Ledesma (PLRA), pero que por una cuesti\u00f3n de procedimiento tendr\u00e1 entrada por la C\u00e1mara Baja, haci\u00e9ndose cargo del mismo, para el efecto, varios diputados.<\/p>\n<p style=\"text-align: justify;\">\u201cDeclarar en situaci\u00f3n de emergencia todo el territorio de la Rep\u00fablica del Paraguay, de conformidad con el art\u00edculo 202, numeral 13, de la Constituci\u00f3n Nacional, para combatir los efectos ocasionados por las graves sequ\u00edas registradas\u201d, se\u00f1ala el art\u00edculo 1\u00b0 del documento. Fuente: Diputados<\/p>\n","protected":false},"excerpt":{"rendered":"<p>El diputado Derlis Maidana, ratific\u00f3 que la postura de la Bancada \u201cHonor Colorado\u201d, es la de apoyar la normativa que apunta a extender la vigencia de la ley de emergencia&hellip; <\/p>\n","protected":false},"author":1,"featured_media":13267,"comment_status":"closed","ping_status":"open","sticky":false,"template":"","format":"standard","meta":{"sfsi_plus_gutenberg_text_before_share":"","sfsi_plus_gutenberg_show_text_before_share":"","sfsi_plus_gutenberg_icon_type":"","sfsi_plus_gutenberg_icon_alignemt":"","sfsi_plus_gutenburg_max_per_row":"","footnotes":"","_jetpack_memberships_contains_paid_content":false,"jetpack_publicize_message":"","jetpack_publicize_feature_enabled":true,"jetpack_social_post_already_shared":true,"jetpack_social_options":{"image_generator_settings":{"template":"highway","enabled":false},"version":2}},"categories":[4],"tags":[],"jetpack_publicize_connections":[],"jetpack_sharing_enabled":true,"jetpack_featured_media_url":"https:\/\/agendaparaguay.com\/v2\/wp-content\/uploads\/2019\/09\/diputado_derlis_maidana.jpeg","_links":{"self":[{"href":"https:\/\/agendaparaguay.com\/v2\/wp-json\/wp\/v2\/posts\/39903"}],"collection":[{"href":"https:\/\/agendaparaguay.com\/v2\/wp-json\/wp\/v2\/posts"}],"about":[{"href":"https:\/\/agendaparaguay.com\/v2\/wp-json\/wp\/v2\/types\/post"}],"author":[{"embeddable":true,"href":"https:\/\/agendaparaguay.com\/v2\/wp-json\/wp\/v2\/users\/1"}],"replies":[{"embeddable":true,"href":"https:\/\/agendaparaguay.com\/v2\/wp-json\/wp\/v2\/comments?post=39903"}],"version-history":[{"count":1,"href":"https:\/\/agendaparaguay.com\/v2\/wp-json\/wp\/v2\/posts\/39903\/revisions"}],"predecessor-version":[{"id":39904,"href":"https:\/\/agendaparaguay.com\/v2\/wp-json\/wp\/v2\/posts\/39903\/revisions\/39904"}],"wp:featuredmedia":[{"embeddable":true,"href":"https:\/\/agendaparaguay.com\/v2\/wp-json\/wp\/v2\/media\/13267"}],"wp:attachment":[{"href":"https:\/\/agendaparaguay.com\/v2\/wp-json\/wp\/v2\/media?parent=39903"}],"wp:term":[{"taxonomy":"category","embeddable":true,"href":"https:\/\/agendaparaguay.com\/v2\/wp-json\/wp\/v2\/categories?post=39903"},{"taxonomy":"post_tag","embeddable":true,"href":"https:\/\/agendaparaguay.com\/v2\/wp-json\/wp\/v2\/tags?post=39903"}],"curies":[{"name":"wp","href":"https:\/\/api.w.org\/{rel}","templated":true}]}}