{"id":40282,"date":"2022-02-01T16:56:50","date_gmt":"2022-02-01T19:56:50","guid":{"rendered":"https:\/\/agendaparaguay.com\/v2\/?p=40282"},"modified":"2022-02-02T07:12:00","modified_gmt":"2022-02-02T10:12:00","slug":"giuzzio-ingresaron-27-veces-al-expediente-de-bogado-quevedo-y-se-descarta-error","status":"publish","type":"post","link":"https:\/\/agendaparaguay.com\/v2\/2022\/02\/01\/giuzzio-ingresaron-27-veces-al-expediente-de-bogado-quevedo-y-se-descarta-error\/","title":{"rendered":"Giuzzio: \u00abIngresaron 27 veces al expediente de Bogado Quevedo y se descarta error\u00bb"},"content":{"rendered":"<p style=\"text-align: justify;\">La informaci\u00f3n fue confirmada por el ministro del Interior Arnaldo Giuzzio quien confirm\u00f3 la destituci\u00f3n del Comisario Tom\u00e1s Cardozo, jefe del Departamento de Inform\u00e1tica y nombraron en su reemplazo al Comisario Osvaldo Rojas.<!--more--><\/p>\n<p style=\"text-align: justify;\">A\u00f1adi\u00f3 que con este dato se descarta por completo el supuesto \u00aberror\u00bb en la carga de los datos, tal como aleg\u00f3 el suboficial Ramon Vargas Espinoza.<\/p>\n<p style=\"text-align: justify;\">El secretario de estado dijo que se logr\u00f3 identificar a estos dos miembros del Departamento de Inform\u00e1tica y ambos ya fueron separados del cargo y puestos a disposici\u00f3n de Asuntos Internos de la Polic\u00eda Nacional. Los mismos ingresaron un total de 27 veces al expediente de Jos\u00e9 Luis Bogado Quevedo, cuya orden de captura internacional con fines de extradici\u00f3n se borr\u00f3 durante estos ingresos.<\/p>\n<p style=\"text-align: justify;\">\u00abEsto hecha por el suelo la versi\u00f3n del error que dio el funcionario de \u00d1eembuc\u00fa\u00bb, resalt\u00f3 el ministro. \u00abDe lo que encontramos prima f\u00e1cil la hip\u00f3tesis del error debe ser descartada\u00bb, a\u00f1adi\u00f3.<\/p>\n<p style=\"text-align: justify;\">Giuzzio confirmo que la revisi\u00f3n se realiz\u00f3 con presencia de t\u00e9cnicos especialistas de MITIC y del Ministerio del Interior, as\u00ed como t\u00e9cnicos t\u00e9cnicos de la Polic\u00eda Nacional.<\/p>\n<p style=\"text-align: justify;\">\u00abPusimos en posesi\u00f3n de cargo Crio. Osvaldo Rojas, en reemplazo del Crio. Tomas Cardozo al frente del Departamento de Inform\u00e1tica, y Rojas dispondr\u00e1 los cambios internos que corresponda. A partir de all\u00ed analizaremos la siguiente ruta y enviaremos el expediente al Ministerio P\u00fablico\u00bb, resalt\u00f3 Giuzzio.<\/p>\n<p style=\"text-align: justify;\">Dijo que Asuntos internos labr\u00f3 acta que llev\u00f3 la documentaci\u00f3n y el historial de usuarios, los niveles de privilegios de cada uno para apertura de sumario administrativo.<\/p>\n<p style=\"text-align: justify;\">\u00abCon esto pr\u00e1cticamente se va a disponer una intervenci\u00f3n del Dpto. Inform\u00e1tico, nos preocupa, si se pudo hacer eso con uno o dos que pudo haber pasado con los otros\u00bb, acot\u00f3 el ministro del Interior. Los mismos usuarios habr\u00edan hecho descargas de expedientes judiciales.<\/p>\n<p style=\"text-align: justify;\">\u00abLo que hacemos notar es que tantas veces se ingres\u00f3, que una hip\u00f3tesis de valor involuntario es inadmisible. Una primera impresi\u00f3n de lo acontecido es que no fue un simple error\u00bb, sentenci\u00f3.<\/p>\n","protected":false},"excerpt":{"rendered":"<p>La informaci\u00f3n fue confirmada por el ministro del Interior Arnaldo Giuzzio quien confirm\u00f3 la destituci\u00f3n del Comisario Tom\u00e1s Cardozo, jefe del Departamento de Inform\u00e1tica y nombraron en su reemplazo al&hellip; <\/p>\n","protected":false},"author":1,"featured_media":29264,"comment_status":"closed","ping_status":"open","sticky":false,"template":"","format":"standard","meta":{"sfsi_plus_gutenberg_text_before_share":"","sfsi_plus_gutenberg_show_text_before_share":"","sfsi_plus_gutenberg_icon_type":"","sfsi_plus_gutenberg_icon_alignemt":"","sfsi_plus_gutenburg_max_per_row":"","footnotes":"","_jetpack_memberships_contains_paid_content":false,"jetpack_publicize_message":"","jetpack_publicize_feature_enabled":true,"jetpack_social_post_already_shared":true,"jetpack_social_options":{"image_generator_settings":{"template":"highway","enabled":false},"version":2}},"categories":[5],"tags":[],"jetpack_publicize_connections":[],"jetpack_sharing_enabled":true,"jetpack_featured_media_url":"https:\/\/agendaparaguay.com\/v2\/wp-content\/uploads\/2021\/01\/ministro_arnaldo_giuzzio.jpg","_links":{"self":[{"href":"https:\/\/agendaparaguay.com\/v2\/wp-json\/wp\/v2\/posts\/40282"}],"collection":[{"href":"https:\/\/agendaparaguay.com\/v2\/wp-json\/wp\/v2\/posts"}],"about":[{"href":"https:\/\/agendaparaguay.com\/v2\/wp-json\/wp\/v2\/types\/post"}],"author":[{"embeddable":true,"href":"https:\/\/agendaparaguay.com\/v2\/wp-json\/wp\/v2\/users\/1"}],"replies":[{"embeddable":true,"href":"https:\/\/agendaparaguay.com\/v2\/wp-json\/wp\/v2\/comments?post=40282"}],"version-history":[{"count":1,"href":"https:\/\/agendaparaguay.com\/v2\/wp-json\/wp\/v2\/posts\/40282\/revisions"}],"predecessor-version":[{"id":40283,"href":"https:\/\/agendaparaguay.com\/v2\/wp-json\/wp\/v2\/posts\/40282\/revisions\/40283"}],"wp:featuredmedia":[{"embeddable":true,"href":"https:\/\/agendaparaguay.com\/v2\/wp-json\/wp\/v2\/media\/29264"}],"wp:attachment":[{"href":"https:\/\/agendaparaguay.com\/v2\/wp-json\/wp\/v2\/media?parent=40282"}],"wp:term":[{"taxonomy":"category","embeddable":true,"href":"https:\/\/agendaparaguay.com\/v2\/wp-json\/wp\/v2\/categories?post=40282"},{"taxonomy":"post_tag","embeddable":true,"href":"https:\/\/agendaparaguay.com\/v2\/wp-json\/wp\/v2\/tags?post=40282"}],"curies":[{"name":"wp","href":"https:\/\/api.w.org\/{rel}","templated":true}]}}