{"id":40670,"date":"2022-02-11T08:46:25","date_gmt":"2022-02-11T11:46:25","guid":{"rendered":"https:\/\/agendaparaguay.com\/v2\/?p=40670"},"modified":"2022-02-11T08:46:25","modified_gmt":"2022-02-11T11:46:25","slug":"%e2%80%8bdefensoria-de-la-ninez-y-la-adolescencia-interviene-ante-denuncia-de-abuso-sexual-a-una-adolescente","status":"publish","type":"post","link":"https:\/\/agendaparaguay.com\/v2\/2022\/02\/11\/%e2%80%8bdefensoria-de-la-ninez-y-la-adolescencia-interviene-ante-denuncia-de-abuso-sexual-a-una-adolescente\/","title":{"rendered":"\u200bDefensor\u00eda de la Ni\u00f1ez y la Adolescencia interviene ante denuncia de abuso sexual a una adolescente"},"content":{"rendered":"<p style=\"text-align: justify;\">La Defensora de la Ni\u00f1ez y la Adolescencia de turno en Coronel Oviedo, Liz Portillo, recibi\u00f3 una denuncia de abuso sexual hacia una adolescente, derivada por el servicio de Fono Ayuda 147.<!--more--><\/p>\n<p style=\"text-align: justify;\">La Defensora tom\u00f3 inmediata intervenci\u00f3n y se traslad\u00f3 a la localidad de Santa Rosa del Mbutuy, a fin de interiorizarse de la situaci\u00f3n y evaluar las medidas de protecci\u00f3n que fueran necesarias.<\/p>\n<p style=\"text-align: justify;\">En la casa de la familia de la adolescente, la defensora especializada, acompa\u00f1ada de la psic\u00f3loga de la Defensa P\u00fablica Melva Flores, inform\u00f3 el motivo de la visita, dialogaron con la adolescente e indagaron respecto a la denuncia recibida.<\/p>\n<p style=\"text-align: justify;\">La psic\u00f3loga forense, luego de entrevistar a la adolescente, consider\u00f3 preliminarmente que no existen indicios de abuso ni otro tipo de maltrato. Igualmente se plantea el seguimiento y la investigaci\u00f3n ante el eventual hecho punible.<\/p>\n<p style=\"text-align: justify;\">Finalmente, la Defensora P\u00fablica interviniente advirti\u00f3 a la madre y al padrastro, inform\u00e1ndoles sobre las obligaciones inherentes al ejercicio de la patria potestad y las consecuencias penales en caso de incumplimiento y solicit\u00f3 al Juzgado de la Ni\u00f1ez y de la Adolescencia las audiencias respectivas, conforme lo disponen las leyes N\u00b0 4295 y 1680 y remiti\u00f3 los antecedentes a la fiscal\u00eda penal de turno.<\/p>\n<p style=\"text-align: justify;\">Actualmente la adolescente sigue con acompa\u00f1amiento de los auxiliares de justicia.<\/p>\n","protected":false},"excerpt":{"rendered":"<p>La Defensora de la Ni\u00f1ez y la Adolescencia de turno en Coronel Oviedo, Liz Portillo, recibi\u00f3 una denuncia de abuso sexual hacia una adolescente, derivada por el servicio de Fono&hellip; <\/p>\n","protected":false},"author":1,"featured_media":36706,"comment_status":"closed","ping_status":"open","sticky":false,"template":"","format":"standard","meta":{"sfsi_plus_gutenberg_text_before_share":"","sfsi_plus_gutenberg_show_text_before_share":"","sfsi_plus_gutenberg_icon_type":"","sfsi_plus_gutenberg_icon_alignemt":"","sfsi_plus_gutenburg_max_per_row":"","footnotes":"","_jetpack_memberships_contains_paid_content":false,"jetpack_publicize_message":"","jetpack_publicize_feature_enabled":true,"jetpack_social_post_already_shared":true,"jetpack_social_options":{"image_generator_settings":{"template":"highway","enabled":false},"version":2}},"categories":[5],"tags":[],"jetpack_publicize_connections":[],"jetpack_sharing_enabled":true,"jetpack_featured_media_url":"https:\/\/agendaparaguay.com\/v2\/wp-content\/uploads\/2021\/09\/defensa_publica_fachada.jpg","_links":{"self":[{"href":"https:\/\/agendaparaguay.com\/v2\/wp-json\/wp\/v2\/posts\/40670"}],"collection":[{"href":"https:\/\/agendaparaguay.com\/v2\/wp-json\/wp\/v2\/posts"}],"about":[{"href":"https:\/\/agendaparaguay.com\/v2\/wp-json\/wp\/v2\/types\/post"}],"author":[{"embeddable":true,"href":"https:\/\/agendaparaguay.com\/v2\/wp-json\/wp\/v2\/users\/1"}],"replies":[{"embeddable":true,"href":"https:\/\/agendaparaguay.com\/v2\/wp-json\/wp\/v2\/comments?post=40670"}],"version-history":[{"count":1,"href":"https:\/\/agendaparaguay.com\/v2\/wp-json\/wp\/v2\/posts\/40670\/revisions"}],"predecessor-version":[{"id":40671,"href":"https:\/\/agendaparaguay.com\/v2\/wp-json\/wp\/v2\/posts\/40670\/revisions\/40671"}],"wp:featuredmedia":[{"embeddable":true,"href":"https:\/\/agendaparaguay.com\/v2\/wp-json\/wp\/v2\/media\/36706"}],"wp:attachment":[{"href":"https:\/\/agendaparaguay.com\/v2\/wp-json\/wp\/v2\/media?parent=40670"}],"wp:term":[{"taxonomy":"category","embeddable":true,"href":"https:\/\/agendaparaguay.com\/v2\/wp-json\/wp\/v2\/categories?post=40670"},{"taxonomy":"post_tag","embeddable":true,"href":"https:\/\/agendaparaguay.com\/v2\/wp-json\/wp\/v2\/tags?post=40670"}],"curies":[{"name":"wp","href":"https:\/\/api.w.org\/{rel}","templated":true}]}}