{"id":40829,"date":"2022-02-16T15:20:22","date_gmt":"2022-02-16T18:20:22","guid":{"rendered":"https:\/\/agendaparaguay.com\/v2\/?p=40829"},"modified":"2022-02-16T17:18:38","modified_gmt":"2022-02-16T20:18:38","slug":"se-reducen-consultas-respiratorias-en-cde-y-hospital-san-pablo","status":"publish","type":"post","link":"https:\/\/agendaparaguay.com\/v2\/2022\/02\/16\/se-reducen-consultas-respiratorias-en-cde-y-hospital-san-pablo\/","title":{"rendered":"Se reducen consultas respiratorias en CDE y Hospital San Pablo"},"content":{"rendered":"<p style=\"text-align: justify;\">Seg\u00fan informaron los m\u00e1ximos responsables del Hospital Regional de Alto Paran\u00e1 y del Hospital San Pablo, se registr\u00f3 importante descenso de demanda en cuanto a consultas por cuadros respiratorios en los \u00faltimos d\u00edas.<!--more--><\/p>\n<p style=\"text-align: justify;\">En este contexto, en declaraciones a Radio 1000., el Director de la X Region Sanitaria, Dr. Arturo Portillo dijo que baj\u00f3 el n\u00famero tanto de consultad como internaciones en dicho centro.<\/p>\n<p style=\"text-align: justify;\">Indic\u00f3 que quienes m\u00e1s concurren son los no vacunados.<\/p>\n<p style=\"text-align: justify;\">En tanto que, en el Hospital San Pablo, el Dr. Vicente Acu\u00f1a report\u00f3 igualmente reducci\u00f3n del n\u00famero de pacientes aquejados por el Covid19.<\/p>\n<p style=\"text-align: justify;\">En el lugar solo registras 3 internaciones, 1 en terapia intensiva y 2 en salas comunes.<\/p>\n","protected":false},"excerpt":{"rendered":"<p>Seg\u00fan informaron los m\u00e1ximos responsables del Hospital Regional de Alto Paran\u00e1 y del Hospital San Pablo, se registr\u00f3 importante descenso de demanda en cuanto a consultas por cuadros respiratorios en&hellip; <\/p>\n","protected":false},"author":1,"featured_media":22867,"comment_status":"closed","ping_status":"open","sticky":false,"template":"","format":"standard","meta":{"sfsi_plus_gutenberg_text_before_share":"","sfsi_plus_gutenberg_show_text_before_share":"","sfsi_plus_gutenberg_icon_type":"","sfsi_plus_gutenberg_icon_alignemt":"","sfsi_plus_gutenburg_max_per_row":"","footnotes":"","_jetpack_memberships_contains_paid_content":false,"jetpack_publicize_message":"","jetpack_publicize_feature_enabled":true,"jetpack_social_post_already_shared":true,"jetpack_social_options":{"image_generator_settings":{"template":"highway","enabled":false},"version":2}},"categories":[5],"tags":[],"jetpack_publicize_connections":[],"jetpack_sharing_enabled":true,"jetpack_featured_media_url":"https:\/\/agendaparaguay.com\/v2\/wp-content\/uploads\/2020\/07\/terapia_intensiva_san_pablo.jpg","_links":{"self":[{"href":"https:\/\/agendaparaguay.com\/v2\/wp-json\/wp\/v2\/posts\/40829"}],"collection":[{"href":"https:\/\/agendaparaguay.com\/v2\/wp-json\/wp\/v2\/posts"}],"about":[{"href":"https:\/\/agendaparaguay.com\/v2\/wp-json\/wp\/v2\/types\/post"}],"author":[{"embeddable":true,"href":"https:\/\/agendaparaguay.com\/v2\/wp-json\/wp\/v2\/users\/1"}],"replies":[{"embeddable":true,"href":"https:\/\/agendaparaguay.com\/v2\/wp-json\/wp\/v2\/comments?post=40829"}],"version-history":[{"count":1,"href":"https:\/\/agendaparaguay.com\/v2\/wp-json\/wp\/v2\/posts\/40829\/revisions"}],"predecessor-version":[{"id":40830,"href":"https:\/\/agendaparaguay.com\/v2\/wp-json\/wp\/v2\/posts\/40829\/revisions\/40830"}],"wp:featuredmedia":[{"embeddable":true,"href":"https:\/\/agendaparaguay.com\/v2\/wp-json\/wp\/v2\/media\/22867"}],"wp:attachment":[{"href":"https:\/\/agendaparaguay.com\/v2\/wp-json\/wp\/v2\/media?parent=40829"}],"wp:term":[{"taxonomy":"category","embeddable":true,"href":"https:\/\/agendaparaguay.com\/v2\/wp-json\/wp\/v2\/categories?post=40829"},{"taxonomy":"post_tag","embeddable":true,"href":"https:\/\/agendaparaguay.com\/v2\/wp-json\/wp\/v2\/tags?post=40829"}],"curies":[{"name":"wp","href":"https:\/\/api.w.org\/{rel}","templated":true}]}}