{"id":40921,"date":"2022-02-18T11:29:46","date_gmt":"2022-02-18T14:29:46","guid":{"rendered":"https:\/\/agendaparaguay.com\/v2\/?p=40921"},"modified":"2022-02-18T14:10:48","modified_gmt":"2022-02-18T17:10:48","slug":"desde-el-lunes-el-gas-costara-mas-caro-g-500-por-kilo-y-g-250-por-litro","status":"publish","type":"post","link":"https:\/\/agendaparaguay.com\/v2\/2022\/02\/18\/desde-el-lunes-el-gas-costara-mas-caro-g-500-por-kilo-y-g-250-por-litro\/","title":{"rendered":"Desde el lunes, el gas costar\u00e1 m\u00e1s caro G. 500 por kilo y G. 250 por litro"},"content":{"rendered":"<p style=\"text-align: justify;\">La informaci\u00f3n fue confirmada por el presidente de la C\u00e1mara Paraguaya del Gas, Pedro Ballota.<!--more--><\/p>\n<p style=\"text-align: justify;\">El aumento es en torno a los G. 500 por kilo y G. 250 por cada litro, seg\u00fan explic\u00f3 el empresario, y el nuevo precio entrar\u00e1 a regir desde el pr\u00f3ximo lunes 21.<\/p>\n<p style=\"text-align: justify;\">Tal como se hab\u00eda anunciado, el comportamiento del precio en el mercado internacional incide directamente en la decisi\u00f3n tomada en referencia a los nuevos precios.<\/p>\n","protected":false},"excerpt":{"rendered":"<p>La informaci\u00f3n fue confirmada por el presidente de la C\u00e1mara Paraguaya del Gas, Pedro Ballota.<\/p>\n","protected":false},"author":1,"featured_media":24309,"comment_status":"closed","ping_status":"open","sticky":false,"template":"","format":"standard","meta":{"sfsi_plus_gutenberg_text_before_share":"","sfsi_plus_gutenberg_show_text_before_share":"","sfsi_plus_gutenberg_icon_type":"","sfsi_plus_gutenberg_icon_alignemt":"","sfsi_plus_gutenburg_max_per_row":"","footnotes":"","_jetpack_memberships_contains_paid_content":false,"jetpack_publicize_message":"","jetpack_publicize_feature_enabled":true,"jetpack_social_post_already_shared":true,"jetpack_social_options":{"image_generator_settings":{"template":"highway","enabled":false},"version":2}},"categories":[5],"tags":[],"jetpack_publicize_connections":[],"jetpack_sharing_enabled":true,"jetpack_featured_media_url":"https:\/\/agendaparaguay.com\/v2\/wp-content\/uploads\/2020\/08\/gas.jpg","_links":{"self":[{"href":"https:\/\/agendaparaguay.com\/v2\/wp-json\/wp\/v2\/posts\/40921"}],"collection":[{"href":"https:\/\/agendaparaguay.com\/v2\/wp-json\/wp\/v2\/posts"}],"about":[{"href":"https:\/\/agendaparaguay.com\/v2\/wp-json\/wp\/v2\/types\/post"}],"author":[{"embeddable":true,"href":"https:\/\/agendaparaguay.com\/v2\/wp-json\/wp\/v2\/users\/1"}],"replies":[{"embeddable":true,"href":"https:\/\/agendaparaguay.com\/v2\/wp-json\/wp\/v2\/comments?post=40921"}],"version-history":[{"count":1,"href":"https:\/\/agendaparaguay.com\/v2\/wp-json\/wp\/v2\/posts\/40921\/revisions"}],"predecessor-version":[{"id":40922,"href":"https:\/\/agendaparaguay.com\/v2\/wp-json\/wp\/v2\/posts\/40921\/revisions\/40922"}],"wp:featuredmedia":[{"embeddable":true,"href":"https:\/\/agendaparaguay.com\/v2\/wp-json\/wp\/v2\/media\/24309"}],"wp:attachment":[{"href":"https:\/\/agendaparaguay.com\/v2\/wp-json\/wp\/v2\/media?parent=40921"}],"wp:term":[{"taxonomy":"category","embeddable":true,"href":"https:\/\/agendaparaguay.com\/v2\/wp-json\/wp\/v2\/categories?post=40921"},{"taxonomy":"post_tag","embeddable":true,"href":"https:\/\/agendaparaguay.com\/v2\/wp-json\/wp\/v2\/tags?post=40921"}],"curies":[{"name":"wp","href":"https:\/\/api.w.org\/{rel}","templated":true}]}}