{"id":41024,"date":"2022-02-22T15:20:14","date_gmt":"2022-02-22T18:20:14","guid":{"rendered":"https:\/\/agendaparaguay.com\/v2\/?p=41024"},"modified":"2022-02-22T17:49:28","modified_gmt":"2022-02-22T20:49:28","slug":"cancilleria-ajusta-detalles-para-el-viaje-del-presidente-a-qatar-y-dubai","status":"publish","type":"post","link":"https:\/\/agendaparaguay.com\/v2\/2022\/02\/22\/cancilleria-ajusta-detalles-para-el-viaje-del-presidente-a-qatar-y-dubai\/","title":{"rendered":"Canciller\u00eda ajusta detalles para el viaje del presidente a Qatar y Dub\u00e1i"},"content":{"rendered":"<p style=\"text-align: justify;\">El canciller nacional, Euclides Acevedo, inform\u00f3 que est\u00e1n ajustado los detalles para el viaje que realizar\u00e1 el presidente de la Rep\u00fablica, Mario Abdo Ben\u00edtez, a Qatar y Dub\u00e1i, previsto para la pr\u00f3xima semana.<!--more--><\/p>\n<p style=\"text-align: justify;\">Acevedo se reuni\u00f3 este martes en Palacio de Gobierno con el jefe de Estado en Palacio de Gobierno. All\u00ed conversaron sobre los \u00faltimos detalles de cara al viaje internacional que realizar\u00e1 a Qatar y Dub\u00e1i, donde estar\u00e1 la pr\u00f3xima semana.<\/p>\n<p style=\"text-align: justify;\">En ese contexto, inform\u00f3 que el 4 de marzo se celebra el D\u00eda de Paraguay en la Expo Dub\u00e1i, que alberga a 192 naciones desde el 1 de octubre del 2021 y hasta el 31 de marzo del 2022, periodo en el que el stand guaran\u00ed ya recibi\u00f3 m\u00e1s de 100.000 visitantes. El presidente estar\u00eda presente en dicho evento.<\/p>\n<p style=\"text-align: justify;\">\u201cEstuvimos repasando todo lo que tiene que hacerse en Qatar y lo que tiene que hacerse en Dub\u00e1i\u201d, subray\u00f3 en conversaci\u00f3n con los medios de prensa.<\/p>\n<p style=\"text-align: justify;\">El pabell\u00f3n de Paraguay tiene en su planta baja 213 metros cuadrados, fruto de la cooperaci\u00f3n de Emiratos \u00c1rabes Unidos que provey\u00f3 de ese edificio, mientras que la fachada principal consta de variadas fotos de que identifican a la naci\u00f3n guaran\u00ed. La tem\u00e1tica de la participaci\u00f3n est\u00e1 enfocada en el potencial h\u00eddrico de Paraguay, para el desarrollo como pa\u00eds productor de alimentos.<br \/>\nReuni\u00f3n entre Abdo Ben\u00edtez y Bolsonaro<\/p>\n<p style=\"text-align: justify;\">Respecto a la reuni\u00f3n entre los presidentes Mario Abdo Ben\u00edtez y Jair Bolsonaro que hab\u00eda sido postergado, explic\u00f3 que todav\u00eda no hay fecha, ya que est\u00e1 sujeto a la disponibilidad en agenda del mandatario brasile\u00f1o. El mismo tiene muchos compromisos internacionales asumidos con posterioridad, indic\u00f3.<\/p>\n<p style=\"text-align: justify;\">Al respecto, mencion\u00f3 que podr\u00eda haber noticias en los pr\u00f3ximos d\u00edas, atendiendo que se est\u00e1 dando la asunci\u00f3n del nuevo director general brasile\u00f1o de Itaipu con participaci\u00f3n de la delegaci\u00f3n paraguaya, quien aprovechar\u00e1 la ocasi\u00f3n para reprogramar el encuentro pendiente que tienen los presidentes. La reuni\u00f3n estaba establecida en el marco de la construcci\u00f3n del Puente de la Bioce\u00e1nica Carmelo Peralta (PY)\u2013 Puerto Murtinho (BR), uno de los proyectos emblem\u00e1ticos del Ejecutivo para avanzar en la conectividad regional.<\/p>\n<p style=\"text-align: justify;\">\u201cLa construcci\u00f3n de la Bioce\u00e1nica es un aporte generoso a la contribuci\u00f3n del desarrollo continental porque los principales beneficiados ser\u00e1n los estados de Mato Grosso do Sul y Paran\u00e1, es una de las razones que queremos explicar a los brasile\u00f1os que estamos a favor de la integraci\u00f3n pero de manera inteligente y solidaria\u201d, detall\u00f3.<br \/>\nConflicto en Ucrania<\/p>\n<p style=\"text-align: justify;\">Respecto al conflicto en Ucrania, ratific\u00f3 la posici\u00f3n paraguaya es apostar por los mecanismos diplom\u00e1ticos de tal suerte a garantizar la paz, mediante propuestas inteligentes no con enunciados ret\u00f3ricos.<\/p>\n<p style=\"text-align: justify;\">En esa misma l\u00ednea, consider\u00f3 que los acuerdos deben ser respetados y eventualmente modificados conforme a las reglas de la diplomacia y l\u00ednea pacifista de las Naciones Unidas. Fuente: Ip<\/p>\n","protected":false},"excerpt":{"rendered":"<p>El canciller nacional, Euclides Acevedo, inform\u00f3 que est\u00e1n ajustado los detalles para el viaje que realizar\u00e1 el presidente de la Rep\u00fablica, Mario Abdo Ben\u00edtez, a Qatar y Dub\u00e1i, previsto para&hellip; <\/p>\n","protected":false},"author":1,"featured_media":5077,"comment_status":"closed","ping_status":"open","sticky":false,"template":"","format":"standard","meta":{"sfsi_plus_gutenberg_text_before_share":"","sfsi_plus_gutenberg_show_text_before_share":"","sfsi_plus_gutenberg_icon_type":"","sfsi_plus_gutenberg_icon_alignemt":"","sfsi_plus_gutenburg_max_per_row":"","footnotes":"","_jetpack_memberships_contains_paid_content":false,"jetpack_publicize_message":"","jetpack_publicize_feature_enabled":true,"jetpack_social_post_already_shared":true,"jetpack_social_options":{"image_generator_settings":{"template":"highway","enabled":false},"version":2}},"categories":[2],"tags":[],"jetpack_publicize_connections":[],"jetpack_sharing_enabled":true,"jetpack_featured_media_url":"https:\/\/agendaparaguay.com\/v2\/wp-content\/uploads\/2019\/02\/marito_viaje_1.jpeg","_links":{"self":[{"href":"https:\/\/agendaparaguay.com\/v2\/wp-json\/wp\/v2\/posts\/41024"}],"collection":[{"href":"https:\/\/agendaparaguay.com\/v2\/wp-json\/wp\/v2\/posts"}],"about":[{"href":"https:\/\/agendaparaguay.com\/v2\/wp-json\/wp\/v2\/types\/post"}],"author":[{"embeddable":true,"href":"https:\/\/agendaparaguay.com\/v2\/wp-json\/wp\/v2\/users\/1"}],"replies":[{"embeddable":true,"href":"https:\/\/agendaparaguay.com\/v2\/wp-json\/wp\/v2\/comments?post=41024"}],"version-history":[{"count":1,"href":"https:\/\/agendaparaguay.com\/v2\/wp-json\/wp\/v2\/posts\/41024\/revisions"}],"predecessor-version":[{"id":41025,"href":"https:\/\/agendaparaguay.com\/v2\/wp-json\/wp\/v2\/posts\/41024\/revisions\/41025"}],"wp:featuredmedia":[{"embeddable":true,"href":"https:\/\/agendaparaguay.com\/v2\/wp-json\/wp\/v2\/media\/5077"}],"wp:attachment":[{"href":"https:\/\/agendaparaguay.com\/v2\/wp-json\/wp\/v2\/media?parent=41024"}],"wp:term":[{"taxonomy":"category","embeddable":true,"href":"https:\/\/agendaparaguay.com\/v2\/wp-json\/wp\/v2\/categories?post=41024"},{"taxonomy":"post_tag","embeddable":true,"href":"https:\/\/agendaparaguay.com\/v2\/wp-json\/wp\/v2\/tags?post=41024"}],"curies":[{"name":"wp","href":"https:\/\/api.w.org\/{rel}","templated":true}]}}