{"id":41031,"date":"2022-02-22T18:03:57","date_gmt":"2022-02-22T21:03:57","guid":{"rendered":"https:\/\/agendaparaguay.com\/v2\/?p=41031"},"modified":"2022-02-22T20:42:17","modified_gmt":"2022-02-22T23:42:17","slug":"senador-sobre-su-suegro-detenido-ahora-le-tocara-defenderse","status":"publish","type":"post","link":"https:\/\/agendaparaguay.com\/v2\/2022\/02\/22\/senador-sobre-su-suegro-detenido-ahora-le-tocara-defenderse\/","title":{"rendered":"Senador sobre su suegro detenido: \u201cAhora le tocar\u00e1 defenderse\u201d"},"content":{"rendered":"<p style=\"text-align: justify;\">\u00abAhora le tocar\u00e1 defenderse y contar su verdad como los dem\u00e1s detenidos\u00bb, expres\u00f3 el senador Sergio Godoy, en declaraciones a la 780 am. Fue tras la detenci\u00f3n de su suegro Von Zastrow en el marco del operativo \u00abA ULTRANZA PY\u00bb.<!--more--><\/p>\n<p style=\"text-align: justify;\">Godoy indic\u00f3 que el detenido es efectivamente padre de su actual novia y propietario de una de las avionetas requisadas por la Senad esta ma\u00f1ana durante el allanamiento realizado en uno de los hangares.<\/p>\n<p style=\"text-align: justify;\">Dijo que su suegro utiliza la avioneta como \u00abTaxi A\u00e9reo\u00bb y que hace poco tiempo traslad\u00f3 al hangar allanado, pero aclar\u00f3 que le tocar\u00e1 defenderse.<\/p>\n<p style=\"text-align: justify;\">Calific\u00f3 de in\u00e9dito la serie de allanamientos y la detenci\u00f3n de \u00abpoderosos\u00bb dentro de organizaciones criminales.<\/p>\n","protected":false},"excerpt":{"rendered":"<p>\u00abAhora le tocar\u00e1 defenderse y contar su verdad como los dem\u00e1s detenidos\u00bb, expres\u00f3 el senador Sergio Godoy, en declaraciones a la 780 am. Fue tras la detenci\u00f3n de su suegro&hellip; <\/p>\n","protected":false},"author":1,"featured_media":41032,"comment_status":"closed","ping_status":"open","sticky":false,"template":"","format":"standard","meta":{"sfsi_plus_gutenberg_text_before_share":"","sfsi_plus_gutenberg_show_text_before_share":"","sfsi_plus_gutenberg_icon_type":"","sfsi_plus_gutenberg_icon_alignemt":"","sfsi_plus_gutenburg_max_per_row":"","footnotes":"","_jetpack_memberships_contains_paid_content":false,"jetpack_publicize_message":"","jetpack_publicize_feature_enabled":true,"jetpack_social_post_already_shared":true,"jetpack_social_options":{"image_generator_settings":{"template":"highway","enabled":false},"version":2}},"categories":[2],"tags":[],"jetpack_publicize_connections":[],"jetpack_sharing_enabled":true,"jetpack_featured_media_url":"https:\/\/agendaparaguay.com\/v2\/wp-content\/uploads\/2022\/02\/hangar_allanado_sergio.jpg","_links":{"self":[{"href":"https:\/\/agendaparaguay.com\/v2\/wp-json\/wp\/v2\/posts\/41031"}],"collection":[{"href":"https:\/\/agendaparaguay.com\/v2\/wp-json\/wp\/v2\/posts"}],"about":[{"href":"https:\/\/agendaparaguay.com\/v2\/wp-json\/wp\/v2\/types\/post"}],"author":[{"embeddable":true,"href":"https:\/\/agendaparaguay.com\/v2\/wp-json\/wp\/v2\/users\/1"}],"replies":[{"embeddable":true,"href":"https:\/\/agendaparaguay.com\/v2\/wp-json\/wp\/v2\/comments?post=41031"}],"version-history":[{"count":1,"href":"https:\/\/agendaparaguay.com\/v2\/wp-json\/wp\/v2\/posts\/41031\/revisions"}],"predecessor-version":[{"id":41033,"href":"https:\/\/agendaparaguay.com\/v2\/wp-json\/wp\/v2\/posts\/41031\/revisions\/41033"}],"wp:featuredmedia":[{"embeddable":true,"href":"https:\/\/agendaparaguay.com\/v2\/wp-json\/wp\/v2\/media\/41032"}],"wp:attachment":[{"href":"https:\/\/agendaparaguay.com\/v2\/wp-json\/wp\/v2\/media?parent=41031"}],"wp:term":[{"taxonomy":"category","embeddable":true,"href":"https:\/\/agendaparaguay.com\/v2\/wp-json\/wp\/v2\/categories?post=41031"},{"taxonomy":"post_tag","embeddable":true,"href":"https:\/\/agendaparaguay.com\/v2\/wp-json\/wp\/v2\/tags?post=41031"}],"curies":[{"name":"wp","href":"https:\/\/api.w.org\/{rel}","templated":true}]}}