{"id":41294,"date":"2022-03-02T18:00:24","date_gmt":"2022-03-02T21:00:24","guid":{"rendered":"https:\/\/agendaparaguay.com\/v2\/?p=41294"},"modified":"2022-03-02T19:58:53","modified_gmt":"2022-03-02T22:58:53","slug":"exdiputado-ozorio-se-presento-ante-la-fiscalia","status":"publish","type":"post","link":"https:\/\/agendaparaguay.com\/v2\/2022\/03\/02\/exdiputado-ozorio-se-presento-ante-la-fiscalia\/","title":{"rendered":"Exdiputado Ozorio se present\u00f3 ante la Fiscal\u00eda."},"content":{"rendered":"<p style=\"text-align: justify;\">El Ministerio P\u00fablico confirm\u00f3 que el exdiputado colorado (A\u00f1etete) Juan Carlos Ozorio se present\u00f3 esta tarde, luego de que se comunicara a la Comandancia de la Polic\u00eda Nacional sobre la orden de detenci\u00f3n que pesaba en su contra.<!--more--><\/p>\n<p style=\"text-align: justify;\">El exlegislador esta ma\u00f1ana present\u00f3 renuncia a su banca, acorralado por las denuncias sobre su presunta vinculaci\u00f3n con el narcotr\u00e1fico. Adem\u00e1s, sus colegas de distintas bancadas ya le hab\u00edan advertido de que le expulsar\u00edan de la c\u00e1mara si es que no renunciaba a la banca.<\/p>\n<p style=\"text-align: justify;\">\u00abTras orden de detenci\u00f3n dictada por los fiscales de la Unidad Especializada de #Narcotr\u00e1fico contra el ex diputado Juan C. Ozorio, el mismo compareci\u00f3 ante la Unidad Penal. Ozorio era investigado anteriormente, en el marco de la investigaci\u00f3n #AUltranzaPy\u00bb, anunci\u00f3 el Ministerio P\u00fablico a trav\u00e9s de su cuenta en la red social Twitter.<\/p>\n<blockquote class=\"twitter-tweet\" data-width=\"550\" data-dnt=\"true\">\n<p lang=\"es\" dir=\"ltr\"><a href=\"https:\/\/twitter.com\/hashtag\/Ahora?src=hash&amp;ref_src=twsrc%5Etfw\">#Ahora<\/a> Tras orden de detenci\u00f3n dictada por los fiscales de la Unidad Especializada de <a href=\"https:\/\/twitter.com\/hashtag\/Narcotr%C3%A1fico?src=hash&amp;ref_src=twsrc%5Etfw\">#Narcotr\u00e1fico<\/a> contra el ex diputado Juan C. Ozorio, el mismo compareci\u00f3 ante la Unidad Penal. Ozorio era investigado anteriormente, en el marco de la investigaci\u00f3n <a href=\"https:\/\/twitter.com\/hashtag\/AUltranzaPy?src=hash&amp;ref_src=twsrc%5Etfw\">#AUltranzaPy<\/a> <a href=\"https:\/\/t.co\/9ZoX4MmxDS\">pic.twitter.com\/9ZoX4MmxDS<\/a><\/p>\n<p>&mdash; Fiscal\u00eda Paraguay (@MinPublicoPy) <a href=\"https:\/\/twitter.com\/MinPublicoPy\/status\/1499115912087040000?ref_src=twsrc%5Etfw\">March 2, 2022<\/a><\/p><\/blockquote>\n<p><script async src=\"https:\/\/platform.twitter.com\/widgets.js\" charset=\"utf-8\"><\/script><\/p>\n","protected":false},"excerpt":{"rendered":"<p>El Ministerio P\u00fablico confirm\u00f3 que el exdiputado colorado (A\u00f1etete) Juan Carlos Ozorio se present\u00f3 esta tarde, luego de que se comunicara a la Comandancia de la Polic\u00eda Nacional sobre la&hellip; <\/p>\n","protected":false},"author":1,"featured_media":41295,"comment_status":"closed","ping_status":"open","sticky":false,"template":"","format":"standard","meta":{"sfsi_plus_gutenberg_text_before_share":"","sfsi_plus_gutenberg_show_text_before_share":"","sfsi_plus_gutenberg_icon_type":"","sfsi_plus_gutenberg_icon_alignemt":"","sfsi_plus_gutenburg_max_per_row":"","footnotes":"","_jetpack_memberships_contains_paid_content":false,"jetpack_publicize_message":"","jetpack_publicize_feature_enabled":true,"jetpack_social_post_already_shared":true,"jetpack_social_options":{"image_generator_settings":{"template":"highway","enabled":false},"version":2}},"categories":[5],"tags":[],"jetpack_publicize_connections":[],"jetpack_sharing_enabled":true,"jetpack_featured_media_url":"https:\/\/agendaparaguay.com\/v2\/wp-content\/uploads\/2022\/03\/diputado_ozorio_se_presento.jpg","_links":{"self":[{"href":"https:\/\/agendaparaguay.com\/v2\/wp-json\/wp\/v2\/posts\/41294"}],"collection":[{"href":"https:\/\/agendaparaguay.com\/v2\/wp-json\/wp\/v2\/posts"}],"about":[{"href":"https:\/\/agendaparaguay.com\/v2\/wp-json\/wp\/v2\/types\/post"}],"author":[{"embeddable":true,"href":"https:\/\/agendaparaguay.com\/v2\/wp-json\/wp\/v2\/users\/1"}],"replies":[{"embeddable":true,"href":"https:\/\/agendaparaguay.com\/v2\/wp-json\/wp\/v2\/comments?post=41294"}],"version-history":[{"count":1,"href":"https:\/\/agendaparaguay.com\/v2\/wp-json\/wp\/v2\/posts\/41294\/revisions"}],"predecessor-version":[{"id":41296,"href":"https:\/\/agendaparaguay.com\/v2\/wp-json\/wp\/v2\/posts\/41294\/revisions\/41296"}],"wp:featuredmedia":[{"embeddable":true,"href":"https:\/\/agendaparaguay.com\/v2\/wp-json\/wp\/v2\/media\/41295"}],"wp:attachment":[{"href":"https:\/\/agendaparaguay.com\/v2\/wp-json\/wp\/v2\/media?parent=41294"}],"wp:term":[{"taxonomy":"category","embeddable":true,"href":"https:\/\/agendaparaguay.com\/v2\/wp-json\/wp\/v2\/categories?post=41294"},{"taxonomy":"post_tag","embeddable":true,"href":"https:\/\/agendaparaguay.com\/v2\/wp-json\/wp\/v2\/tags?post=41294"}],"curies":[{"name":"wp","href":"https:\/\/api.w.org\/{rel}","templated":true}]}}