{"id":41975,"date":"2022-03-17T20:00:32","date_gmt":"2022-03-17T23:00:32","guid":{"rendered":"https:\/\/agendaparaguay.com\/v2\/?p=41975"},"modified":"2022-03-17T22:03:06","modified_gmt":"2022-03-18T01:03:06","slug":"richer-cuestiona-al-ejecutivo-por-nuevo-pedido-de-prestamo-que-califico-de-parche","status":"publish","type":"post","link":"https:\/\/agendaparaguay.com\/v2\/2022\/03\/17\/richer-cuestiona-al-ejecutivo-por-nuevo-pedido-de-prestamo-que-califico-de-parche\/","title":{"rendered":"Richer cuestiona al Ejecutivo por nuevo pedido de pr\u00e9stamo que calific\u00f3 de \u201cparche\u201d"},"content":{"rendered":"<p style=\"text-align: justify;\">El senador del Frente Guasu Hugo Richer cuestion\u00f3 hoy la falta de respuestas efectivas por parte del Poder Ejecutivo, que nuevamente solo pretende recurrir a m\u00e1s endeudamiento para plantear soluciones parches ante las exigencias de diversos sectores que piden la reducci\u00f3n de los costos de combustibles.<!--more--><\/p>\n<p style=\"text-align: justify;\">El legislador destac\u00f3 que la crisis relacionada a los precios del combustible viene hoy a sumarse a otras situaciones que crisis que ya acarreaba nuestro pa\u00eds, como es por ejemplo la situaci\u00f3n de sequ\u00eda que afecta a miles de peque\u00f1os productores campesinos. Indic\u00f3 que se suma tambi\u00e9n una agudizaci\u00f3n del proceso inflacionario en nuestro pa\u00eds que encarece seriamente el costo de vida de nuestros compatriotas.<\/p>\n<p style=\"text-align: justify;\">\u00abEsta suma de factores cr\u00edticos podr\u00edan extenderse si no por meses por algunos a\u00f1os, por lo que es una situaci\u00f3n que debe abordarse de manera seria y no como hoy lo est\u00e1 haciendo el Poder Ejecutivo\u00bb, expres\u00f3 el parlamentario.<\/p>\n<p style=\"text-align: justify;\">Resalt\u00f3 que una vez m\u00e1s el gobierno de Abdo Benitez lo \u00fanico que pretende hacer es recurrir a m\u00e1s pr\u00e9stamos, sin buscar medidas estructurales, tales como la redefinici\u00f3n del papel de Petropar, medidas tributarias, de gesti\u00f3n efectiva de nuestros excedentes energ\u00e9ticos, entre otros.<\/p>\n","protected":false},"excerpt":{"rendered":"<p>El senador del Frente Guasu Hugo Richer cuestion\u00f3 hoy la falta de respuestas efectivas por parte del Poder Ejecutivo, que nuevamente solo pretende recurrir a m\u00e1s endeudamiento para plantear soluciones&hellip; <\/p>\n","protected":false},"author":1,"featured_media":18864,"comment_status":"closed","ping_status":"open","sticky":false,"template":"","format":"standard","meta":{"sfsi_plus_gutenberg_text_before_share":"","sfsi_plus_gutenberg_show_text_before_share":"","sfsi_plus_gutenberg_icon_type":"","sfsi_plus_gutenberg_icon_alignemt":"","sfsi_plus_gutenburg_max_per_row":"","footnotes":"","_jetpack_memberships_contains_paid_content":false,"jetpack_publicize_message":"","jetpack_publicize_feature_enabled":true,"jetpack_social_post_already_shared":true,"jetpack_social_options":{"image_generator_settings":{"template":"highway","enabled":false},"version":2}},"categories":[3],"tags":[],"jetpack_publicize_connections":[],"jetpack_sharing_enabled":true,"jetpack_featured_media_url":"https:\/\/agendaparaguay.com\/v2\/wp-content\/uploads\/2020\/03\/sen_hugo_richer_0320.jpeg","_links":{"self":[{"href":"https:\/\/agendaparaguay.com\/v2\/wp-json\/wp\/v2\/posts\/41975"}],"collection":[{"href":"https:\/\/agendaparaguay.com\/v2\/wp-json\/wp\/v2\/posts"}],"about":[{"href":"https:\/\/agendaparaguay.com\/v2\/wp-json\/wp\/v2\/types\/post"}],"author":[{"embeddable":true,"href":"https:\/\/agendaparaguay.com\/v2\/wp-json\/wp\/v2\/users\/1"}],"replies":[{"embeddable":true,"href":"https:\/\/agendaparaguay.com\/v2\/wp-json\/wp\/v2\/comments?post=41975"}],"version-history":[{"count":1,"href":"https:\/\/agendaparaguay.com\/v2\/wp-json\/wp\/v2\/posts\/41975\/revisions"}],"predecessor-version":[{"id":41976,"href":"https:\/\/agendaparaguay.com\/v2\/wp-json\/wp\/v2\/posts\/41975\/revisions\/41976"}],"wp:featuredmedia":[{"embeddable":true,"href":"https:\/\/agendaparaguay.com\/v2\/wp-json\/wp\/v2\/media\/18864"}],"wp:attachment":[{"href":"https:\/\/agendaparaguay.com\/v2\/wp-json\/wp\/v2\/media?parent=41975"}],"wp:term":[{"taxonomy":"category","embeddable":true,"href":"https:\/\/agendaparaguay.com\/v2\/wp-json\/wp\/v2\/categories?post=41975"},{"taxonomy":"post_tag","embeddable":true,"href":"https:\/\/agendaparaguay.com\/v2\/wp-json\/wp\/v2\/tags?post=41975"}],"curies":[{"name":"wp","href":"https:\/\/api.w.org\/{rel}","templated":true}]}}