{"id":42350,"date":"2022-03-29T14:06:48","date_gmt":"2022-03-29T18:06:48","guid":{"rendered":"https:\/\/agendaparaguay.com\/v2\/?p=42350"},"modified":"2022-03-29T18:03:49","modified_gmt":"2022-03-29T22:03:49","slug":"juez-pide-el-desafuero-de-la-diputada-celeste-amarilla","status":"publish","type":"post","link":"https:\/\/agendaparaguay.com\/v2\/2022\/03\/29\/juez-pide-el-desafuero-de-la-diputada-celeste-amarilla\/","title":{"rendered":"Juez pide el desafuero de la Diputada Celeste Amarilla"},"content":{"rendered":"<p style=\"text-align: justify;\">La presidencia de la C\u00e1mara de Diputados recibi\u00f3 la comunicaci\u00f3n de la Corte Suprema de Justicia sobre la querella iniciada por la diputada Cristina Villalba (ANR) en contra de su colega Celeste Amarilla (PLRA) por difamaci\u00f3n, calumnia e injuria.<!--more--><\/p>\n<p style=\"text-align: justify;\">Se trata del escrito que lleva la firma del juez penal de sentencia n\u00famero 21 de la Capital, Dar\u00edo Javier B\u00e1ez Ferreira quien solicita el desafuero de la legisladora. El documento ser\u00e1 puesto a disposici\u00f3n del pleno de la c\u00e1mara de Diputados, ma\u00f1ana<\/p>\n<p style=\"text-align: justify;\">La legisladora Amarilla fue denunciada por sus colegas Cristina Villalba, Nazario Rojas y Basilio N\u00fa\u00f1ez por difamaci\u00f3n, calumnia e injuria, luego de que la legisladora del PLRA acusara a sus pares ante el pleno y comunicaci\u00f3n con varios medios de comunicaci\u00f3n de tener v\u00ednculos con el narcotr\u00e1fico, Contrabando o otros delitos.<\/p>\n<blockquote class=\"twitter-tweet\" data-width=\"550\" data-dnt=\"true\">\n<p lang=\"es\" dir=\"ltr\"><a href=\"https:\/\/twitter.com\/hashtag\/URGENTE?src=hash&amp;ref_src=twsrc%5Etfw\">#URGENTE<\/a><\/p>\n<p>Juez Dario Javier B\u00e1ez  pide el desafuero de la diputada  <a href=\"https:\/\/twitter.com\/CelesteDiputada?ref_src=twsrc%5Etfw\">@CelesteDiputada<\/a> en el marco de la investigaci\u00f3n por supuesto hecho de difamaci\u00f3n, calumnia e injuria <a href=\"https:\/\/t.co\/VJD1mLhqKf\">pic.twitter.com\/VJD1mLhqKf<\/a><\/p>\n<p>&mdash; Agenda Paraguay (@agparaguay) <a href=\"https:\/\/twitter.com\/agparaguay\/status\/1508864063627014144?ref_src=twsrc%5Etfw\">March 29, 2022<\/a><\/p><\/blockquote>\n<p><script async src=\"https:\/\/platform.twitter.com\/widgets.js\" charset=\"utf-8\"><\/script><\/p>\n","protected":false},"excerpt":{"rendered":"<p>La presidencia de la C\u00e1mara de Diputados recibi\u00f3 la comunicaci\u00f3n de la Corte Suprema de Justicia sobre la querella iniciada por la diputada Cristina Villalba (ANR) en contra de su&hellip; <\/p>\n","protected":false},"author":1,"featured_media":20664,"comment_status":"closed","ping_status":"open","sticky":false,"template":"","format":"standard","meta":{"sfsi_plus_gutenberg_text_before_share":"","sfsi_plus_gutenberg_show_text_before_share":"","sfsi_plus_gutenberg_icon_type":"","sfsi_plus_gutenberg_icon_alignemt":"","sfsi_plus_gutenburg_max_per_row":"","footnotes":"","_jetpack_memberships_contains_paid_content":false,"jetpack_publicize_message":"","jetpack_publicize_feature_enabled":true,"jetpack_social_post_already_shared":true,"jetpack_social_options":{"image_generator_settings":{"template":"highway","enabled":false},"version":2}},"categories":[4],"tags":[],"jetpack_publicize_connections":[],"jetpack_sharing_enabled":true,"jetpack_featured_media_url":"https:\/\/agendaparaguay.com\/v2\/wp-content\/uploads\/2020\/05\/diputada-celeste_amarilla.jpeg","_links":{"self":[{"href":"https:\/\/agendaparaguay.com\/v2\/wp-json\/wp\/v2\/posts\/42350"}],"collection":[{"href":"https:\/\/agendaparaguay.com\/v2\/wp-json\/wp\/v2\/posts"}],"about":[{"href":"https:\/\/agendaparaguay.com\/v2\/wp-json\/wp\/v2\/types\/post"}],"author":[{"embeddable":true,"href":"https:\/\/agendaparaguay.com\/v2\/wp-json\/wp\/v2\/users\/1"}],"replies":[{"embeddable":true,"href":"https:\/\/agendaparaguay.com\/v2\/wp-json\/wp\/v2\/comments?post=42350"}],"version-history":[{"count":1,"href":"https:\/\/agendaparaguay.com\/v2\/wp-json\/wp\/v2\/posts\/42350\/revisions"}],"predecessor-version":[{"id":42351,"href":"https:\/\/agendaparaguay.com\/v2\/wp-json\/wp\/v2\/posts\/42350\/revisions\/42351"}],"wp:featuredmedia":[{"embeddable":true,"href":"https:\/\/agendaparaguay.com\/v2\/wp-json\/wp\/v2\/media\/20664"}],"wp:attachment":[{"href":"https:\/\/agendaparaguay.com\/v2\/wp-json\/wp\/v2\/media?parent=42350"}],"wp:term":[{"taxonomy":"category","embeddable":true,"href":"https:\/\/agendaparaguay.com\/v2\/wp-json\/wp\/v2\/categories?post=42350"},{"taxonomy":"post_tag","embeddable":true,"href":"https:\/\/agendaparaguay.com\/v2\/wp-json\/wp\/v2\/tags?post=42350"}],"curies":[{"name":"wp","href":"https:\/\/api.w.org\/{rel}","templated":true}]}}