{"id":42550,"date":"2022-04-05T11:50:52","date_gmt":"2022-04-05T15:50:52","guid":{"rendered":"https:\/\/agendaparaguay.com\/v2\/?p=42550"},"modified":"2022-04-05T15:13:14","modified_gmt":"2022-04-05T19:13:14","slug":"ejecutivo-pide-nuevo-prestamo-de-us-225-millones","status":"publish","type":"post","link":"https:\/\/agendaparaguay.com\/v2\/2022\/04\/05\/ejecutivo-pide-nuevo-prestamo-de-us-225-millones\/","title":{"rendered":"Ejecutivo pide nuevo pr\u00e9stamo de US$ 225 millones"},"content":{"rendered":"<p style=\"text-align: justify;\">El vicepresidente de la rep\u00fablica, Hugo Vel\u00e1zquez present\u00f3 esta ma\u00f1ana en la c\u00e1mara de Senadores el proyecto de pr\u00e9stamo de US$ 225 millones para la pavimentaci\u00f3n asf\u00e1ltica de la ruta 12, en el tramo comprendido de Chaco\u00b4i &#8211; General Brugez, de 162 km.<!--more--><\/p>\n<p style=\"text-align: justify;\">\u00abUn sue\u00f1o largamente acariciado por el sector. Venimos a presentar un proyecto de inversi\u00f3n junto a las fuerzas vivas, loa intendentes y diputados de la zona\u00bb, expres\u00f3 el vicepresidente Vel\u00e1zquez.<\/p>\n<p style=\"text-align: justify;\">\u00abSer\u00eda para unir desde Chaco\u00b4i hasta General Bruguez. Eso tiene un puente que une con la Argentina, que l\u00f3gicamente vamos a mejorar tambi\u00e9n\u00bb, a\u00f1adi\u00f3 el seg\u00fan del Ejecutivo.<\/p>\n<p style=\"text-align: justify;\">El documento tendr\u00e1 entrada oficial este martes, durante la sesi\u00f3n extraordinaria del Senado, y girado a comisiones asesoras para su dictamen respectivo.<\/p>\n","protected":false},"excerpt":{"rendered":"<p>El vicepresidente de la rep\u00fablica, Hugo Vel\u00e1zquez present\u00f3 esta ma\u00f1ana en la c\u00e1mara de Senadores el proyecto de pr\u00e9stamo de US$ 225 millones para la pavimentaci\u00f3n asf\u00e1ltica de la ruta&hellip; <\/p>\n","protected":false},"author":1,"featured_media":42551,"comment_status":"closed","ping_status":"open","sticky":false,"template":"","format":"standard","meta":{"sfsi_plus_gutenberg_text_before_share":"","sfsi_plus_gutenberg_show_text_before_share":"","sfsi_plus_gutenberg_icon_type":"","sfsi_plus_gutenberg_icon_alignemt":"","sfsi_plus_gutenburg_max_per_row":"","footnotes":"","_jetpack_memberships_contains_paid_content":false,"jetpack_publicize_message":"","jetpack_publicize_feature_enabled":true,"jetpack_social_post_already_shared":true,"jetpack_social_options":{"image_generator_settings":{"template":"highway","enabled":false},"version":2}},"categories":[2],"tags":[],"jetpack_publicize_connections":[],"jetpack_sharing_enabled":true,"jetpack_featured_media_url":"https:\/\/agendaparaguay.com\/v2\/wp-content\/uploads\/2022\/04\/senado_presidencia_vicepdte.jpg","_links":{"self":[{"href":"https:\/\/agendaparaguay.com\/v2\/wp-json\/wp\/v2\/posts\/42550"}],"collection":[{"href":"https:\/\/agendaparaguay.com\/v2\/wp-json\/wp\/v2\/posts"}],"about":[{"href":"https:\/\/agendaparaguay.com\/v2\/wp-json\/wp\/v2\/types\/post"}],"author":[{"embeddable":true,"href":"https:\/\/agendaparaguay.com\/v2\/wp-json\/wp\/v2\/users\/1"}],"replies":[{"embeddable":true,"href":"https:\/\/agendaparaguay.com\/v2\/wp-json\/wp\/v2\/comments?post=42550"}],"version-history":[{"count":1,"href":"https:\/\/agendaparaguay.com\/v2\/wp-json\/wp\/v2\/posts\/42550\/revisions"}],"predecessor-version":[{"id":42552,"href":"https:\/\/agendaparaguay.com\/v2\/wp-json\/wp\/v2\/posts\/42550\/revisions\/42552"}],"wp:featuredmedia":[{"embeddable":true,"href":"https:\/\/agendaparaguay.com\/v2\/wp-json\/wp\/v2\/media\/42551"}],"wp:attachment":[{"href":"https:\/\/agendaparaguay.com\/v2\/wp-json\/wp\/v2\/media?parent=42550"}],"wp:term":[{"taxonomy":"category","embeddable":true,"href":"https:\/\/agendaparaguay.com\/v2\/wp-json\/wp\/v2\/categories?post=42550"},{"taxonomy":"post_tag","embeddable":true,"href":"https:\/\/agendaparaguay.com\/v2\/wp-json\/wp\/v2\/tags?post=42550"}],"curies":[{"name":"wp","href":"https:\/\/api.w.org\/{rel}","templated":true}]}}