{"id":42817,"date":"2022-04-15T11:08:07","date_gmt":"2022-04-15T15:08:07","guid":{"rendered":"https:\/\/agendaparaguay.com\/v2\/?p=42817"},"modified":"2022-04-16T10:41:06","modified_gmt":"2022-04-16T14:41:06","slug":"lilian-samaniego-ninguno-de-los-dos-movimientos-ganara-las-presidenciales-sin-el-apoyo-del-otro-sector","status":"publish","type":"post","link":"https:\/\/agendaparaguay.com\/v2\/2022\/04\/15\/lilian-samaniego-ninguno-de-los-dos-movimientos-ganara-las-presidenciales-sin-el-apoyo-del-otro-sector\/","title":{"rendered":"Lilian Samaniego: \u201cNinguno de los dos movimientos ganar\u00e1 las presidenciales sin el apoyo del otro sector\u201d"},"content":{"rendered":"<p style=\"text-align: justify;\">La senadora colorada Lilian Samaniego expres\u00f3 en entrevista con Bruno Massi que el Partido Colorado sin coloradismo actualmente se encuentra en una etapa que requiere una urgente recomposici\u00f3n, ante la falta de liderazgo y di\u00e1logo. Asegur\u00f3 que la actual conducci\u00f3n partidaria solo escucha y responde a un sector interno, dejando de lado a todo aquel que \u00abno se alinee\u00bb a sus intereses. \u00abNo hay dialogo hoy d\u00eda\u201d, resalt\u00f3 la legisladora.<!--more--><\/p>\n<p style=\"text-align: justify;\">Indic\u00f3 que, en este contexto, que de proseguir esta situaci\u00f3n interna, la ANR ver\u00e1 complicadas sus chances en las pr\u00f3ximas elecciones generales, ya que ninguno de los dos movimientos ganar\u00e1 las presidenciales sin el apoyo del otro sector.<\/p>\n<p style=\"text-align: justify;\">\u201cAunque haya campa\u00f1a el que gane las internas le tiene que buscar al que pierde para llegar juntos en las generales\u201d, destac\u00f3.<\/p>\n<p style=\"text-align: justify;\">Samaniego pidi\u00f3 un \u00abcambio de actitud\u00bb y apost\u00f3 al \u00abdialogo\u00bb que debe partir de la \u00abcabeza el partido\u00bb ya que hoy d\u00eda seg\u00fan insisti\u00f3 esta conducci\u00f3n partidaria \u00abno le reconoce a todos los sectores\u201d, en alusi\u00f3n del diputado y presidente de Junta de Gobierno, Pedro Alliana. \u201cTodos los que estamos en el partido somos alguien en el partido, nadie puede llegar sin el otro\u201d, reiter\u00f3.<\/p>\n<p style=\"text-align: justify;\">Por otro lado, Lilian Samaniego lament\u00f3 las denuncias de hechos de corrupci\u00f3n que involucran a Gobernadores de la ANR, ya que, sin dudas, seg\u00fan destac\u00f3, \u00abgolpea al partido\u00bb.<\/p>\n<p style=\"text-align: justify;\">En ese marco, la expresdienta de la ANR dijo que la justicia debe encargarse de esos casos y castigar a los culpables.<\/p>\n<p style=\"text-align: justify;\">Al ser consultada sobre la candidatura del actual vicepresidente Hugo Vel\u00e1zquez, Samaniego indic\u00f3 que hoy d\u00eda, es el \u00fanico que representa al partido colorado.<\/p>\n<p style=\"text-align: justify;\">\u201cEl conoce el sentimiento de la dirigencia y nos representa en esa visi\u00f3n, ser\u00eda el primer presidente de seccional y seccionalero que llegue a la conducci\u00f3n nacional\u201d, destac\u00f3 Samaniego.<\/p>\n","protected":false},"excerpt":{"rendered":"<p>La senadora colorada Lilian Samaniego expres\u00f3 en entrevista con Bruno Massi que el Partido Colorado sin coloradismo actualmente se encuentra en una etapa que requiere una urgente recomposici\u00f3n, ante la&hellip; <\/p>\n","protected":false},"author":1,"featured_media":16048,"comment_status":"closed","ping_status":"open","sticky":false,"template":"","format":"standard","meta":{"sfsi_plus_gutenberg_text_before_share":"","sfsi_plus_gutenberg_show_text_before_share":"","sfsi_plus_gutenberg_icon_type":"","sfsi_plus_gutenberg_icon_alignemt":"","sfsi_plus_gutenburg_max_per_row":"","footnotes":"","_jetpack_memberships_contains_paid_content":false,"jetpack_publicize_message":"","jetpack_publicize_feature_enabled":true,"jetpack_social_post_already_shared":true,"jetpack_social_options":{"image_generator_settings":{"template":"highway","enabled":false},"version":2}},"categories":[2],"tags":[],"jetpack_publicize_connections":[],"jetpack_sharing_enabled":true,"jetpack_featured_media_url":"https:\/\/agendaparaguay.com\/v2\/wp-content\/uploads\/2019\/12\/sen_lilian_samaniego_despacho.jpg","_links":{"self":[{"href":"https:\/\/agendaparaguay.com\/v2\/wp-json\/wp\/v2\/posts\/42817"}],"collection":[{"href":"https:\/\/agendaparaguay.com\/v2\/wp-json\/wp\/v2\/posts"}],"about":[{"href":"https:\/\/agendaparaguay.com\/v2\/wp-json\/wp\/v2\/types\/post"}],"author":[{"embeddable":true,"href":"https:\/\/agendaparaguay.com\/v2\/wp-json\/wp\/v2\/users\/1"}],"replies":[{"embeddable":true,"href":"https:\/\/agendaparaguay.com\/v2\/wp-json\/wp\/v2\/comments?post=42817"}],"version-history":[{"count":1,"href":"https:\/\/agendaparaguay.com\/v2\/wp-json\/wp\/v2\/posts\/42817\/revisions"}],"predecessor-version":[{"id":42818,"href":"https:\/\/agendaparaguay.com\/v2\/wp-json\/wp\/v2\/posts\/42817\/revisions\/42818"}],"wp:featuredmedia":[{"embeddable":true,"href":"https:\/\/agendaparaguay.com\/v2\/wp-json\/wp\/v2\/media\/16048"}],"wp:attachment":[{"href":"https:\/\/agendaparaguay.com\/v2\/wp-json\/wp\/v2\/media?parent=42817"}],"wp:term":[{"taxonomy":"category","embeddable":true,"href":"https:\/\/agendaparaguay.com\/v2\/wp-json\/wp\/v2\/categories?post=42817"},{"taxonomy":"post_tag","embeddable":true,"href":"https:\/\/agendaparaguay.com\/v2\/wp-json\/wp\/v2\/tags?post=42817"}],"curies":[{"name":"wp","href":"https:\/\/api.w.org\/{rel}","templated":true}]}}