{"id":43305,"date":"2022-04-29T15:00:12","date_gmt":"2022-04-29T19:00:12","guid":{"rendered":"https:\/\/agendaparaguay.com\/v2\/?p=43305"},"modified":"2022-04-29T17:49:27","modified_gmt":"2022-04-29T21:49:27","slug":"piden-flexibilizar-medidas-sanitarias-para-el-ingreso-a-nuestro-pais","status":"publish","type":"post","link":"https:\/\/agendaparaguay.com\/v2\/2022\/04\/29\/piden-flexibilizar-medidas-sanitarias-para-el-ingreso-a-nuestro-pais\/","title":{"rendered":"Piden flexibilizar medidas sanitarias para el ingreso a nuestro pa\u00eds"},"content":{"rendered":"<p style=\"text-align: justify;\">A iniciativa del liberal Fernando Oreggioni, la C\u00e1mara de Diputados emiti\u00f3 una declaraci\u00f3n por la cual se insta al Ministerio de Salud P\u00fablica y Bienestar Social y a la Direcci\u00f3n General de Migraciones, a flexibilizar los requerimientos sanitarios para el ingreso al territorio nacional.<!--more--><\/p>\n<p style=\"text-align: justify;\">Vale mencionar que actualmente se exige el esquema completo de vacunaci\u00f3n contra el Covid-19; es decir, dos dosis m\u00e1s una de refuerzo.<\/p>\n<p style=\"text-align: justify;\">Teniendo en cuenta que esta situaci\u00f3n afecta el tr\u00e1nsito terrestre, como tambi\u00e9n el comercio, seg\u00fan refiere el legislador, \u201cse solicita que la exigencia sea de dos dosis para el ingreso a Paraguay\u201d.<\/p>\n<p style=\"text-align: justify;\">\u201cInstamos a que modifiquen el protocolo de ingreso, principalmente, para argentinos y brasile\u00f1os, pues est\u00e1n exigiendo las tres dosis y sabemos que la tercera aplicaci\u00f3n se est\u00e1 haciendo en forma muy lenta en Latinoam\u00e9rica\u201d, fundament\u00f3 el parlamentario Oreggioni.<\/p>\n<p style=\"text-align: justify;\">El congresista insisti\u00f3 en que el requisito de la tercera dosis constituye un obst\u00e1culo para reactivar la econom\u00eda de los comercios fronterizos, que se vieron gravemente afectados por las restricciones sanitarias implementadas durante la pandemia.<\/p>\n<p>La iniciativa impulsada cont\u00f3 con el respaldo del diputado Jorge Britez; y luego fue aprobada por el plenario de la C\u00e1mara Baja, en el espacio de las mociones de tratamiento sobre tablas de la \u00faltima sesi\u00f3n plenaria, sin objeciones.<\/p>\n","protected":false},"excerpt":{"rendered":"<p>A iniciativa del liberal Fernando Oreggioni, la C\u00e1mara de Diputados emiti\u00f3 una declaraci\u00f3n por la cual se insta al Ministerio de Salud P\u00fablica y Bienestar Social y a la Direcci\u00f3n&hellip; <\/p>\n","protected":false},"author":1,"featured_media":17212,"comment_status":"closed","ping_status":"open","sticky":false,"template":"","format":"standard","meta":{"sfsi_plus_gutenberg_text_before_share":"","sfsi_plus_gutenberg_show_text_before_share":"","sfsi_plus_gutenberg_icon_type":"","sfsi_plus_gutenberg_icon_alignemt":"","sfsi_plus_gutenburg_max_per_row":"","footnotes":"","_jetpack_memberships_contains_paid_content":false,"jetpack_publicize_message":"","jetpack_publicize_feature_enabled":true,"jetpack_social_post_already_shared":true,"jetpack_social_options":{"image_generator_settings":{"template":"highway","enabled":false},"version":2}},"categories":[4],"tags":[],"jetpack_publicize_connections":[],"jetpack_sharing_enabled":true,"jetpack_featured_media_url":"https:\/\/agendaparaguay.com\/v2\/wp-content\/uploads\/2020\/01\/coronavirus_aeropuertos.jpeg","_links":{"self":[{"href":"https:\/\/agendaparaguay.com\/v2\/wp-json\/wp\/v2\/posts\/43305"}],"collection":[{"href":"https:\/\/agendaparaguay.com\/v2\/wp-json\/wp\/v2\/posts"}],"about":[{"href":"https:\/\/agendaparaguay.com\/v2\/wp-json\/wp\/v2\/types\/post"}],"author":[{"embeddable":true,"href":"https:\/\/agendaparaguay.com\/v2\/wp-json\/wp\/v2\/users\/1"}],"replies":[{"embeddable":true,"href":"https:\/\/agendaparaguay.com\/v2\/wp-json\/wp\/v2\/comments?post=43305"}],"version-history":[{"count":1,"href":"https:\/\/agendaparaguay.com\/v2\/wp-json\/wp\/v2\/posts\/43305\/revisions"}],"predecessor-version":[{"id":43306,"href":"https:\/\/agendaparaguay.com\/v2\/wp-json\/wp\/v2\/posts\/43305\/revisions\/43306"}],"wp:featuredmedia":[{"embeddable":true,"href":"https:\/\/agendaparaguay.com\/v2\/wp-json\/wp\/v2\/media\/17212"}],"wp:attachment":[{"href":"https:\/\/agendaparaguay.com\/v2\/wp-json\/wp\/v2\/media?parent=43305"}],"wp:term":[{"taxonomy":"category","embeddable":true,"href":"https:\/\/agendaparaguay.com\/v2\/wp-json\/wp\/v2\/categories?post=43305"},{"taxonomy":"post_tag","embeddable":true,"href":"https:\/\/agendaparaguay.com\/v2\/wp-json\/wp\/v2\/tags?post=43305"}],"curies":[{"name":"wp","href":"https:\/\/api.w.org\/{rel}","templated":true}]}}