{"id":43310,"date":"2022-04-29T08:00:29","date_gmt":"2022-04-29T12:00:29","guid":{"rendered":"https:\/\/agendaparaguay.com\/v2\/?p=43310"},"modified":"2022-04-29T10:00:15","modified_gmt":"2022-04-29T14:00:15","slug":"comision-especial-viaja-hoy-a-guaira-para-visitar-sede-de-la-gobernacion","status":"publish","type":"post","link":"https:\/\/agendaparaguay.com\/v2\/2022\/04\/29\/comision-especial-viaja-hoy-a-guaira-para-visitar-sede-de-la-gobernacion\/","title":{"rendered":"Comisi\u00f3n especial viaja hoy a Guair\u00e1 para visitar sede de la Gobernaci\u00f3n"},"content":{"rendered":"<p style=\"text-align: justify;\">El titular de la comisi\u00f3n especial que investiga el pedido de intervenci\u00f3n de la Gobernaci\u00f3n del Departamento de Guair\u00e1, diputado \u00c1ngel Paniagua, confirm\u00f3 que los integrantes del bloque parten esta ma\u00f1ana a dicha zona del pa\u00eds.<!--more--><\/p>\n<p style=\"text-align: justify;\">\u201cPor reglamento tenemos quince d\u00edas h\u00e1biles para dictaminar lo que corresponde. Saldremos con destino a Guair\u00e1; Villarrica, espec\u00edficamente; por invitaci\u00f3n de los concejales departamentales; pero tambi\u00e9n exist\u00eda un pedido de la secretaria de la comisi\u00f3n, la diputada Cristina Villalba, para visitar la Gobernaci\u00f3n y ver c\u00f3mo se encuentran las cosas\u201d, declar\u00f3 el parlamentario.<\/p>\n<p style=\"text-align: justify;\">Paniagua mencion\u00f3 que las denuncias ser\u00e1n tenidas en cuenta, como corresponde, y que la idea es \u201cverificar punto por punto y revisar, in situ, la situaci\u00f3n real que se est\u00e1 viviendo\u201d.<\/p>\n<p style=\"text-align: justify;\">Reiter\u00f3, igualmente, que la siguiente actividad ser\u00e1 convocar a los concejales departamentales para una reuni\u00f3n en la C\u00e1mara de Diputados, el pr\u00f3ximo 10 de mayo, a las 10:00 horas; y que seguidamente, el mismo d\u00eda, desde las 13:00 horas, se espera tener una reuni\u00f3n con el gobernador del departamento de Guair\u00e1, Juan Carlos Vera, en el recinto parlamentario.<\/p>\n<p style=\"text-align: justify;\">Como es habitual en estos casos, los denunciantes (concejales departamentales), tendr\u00e1n la oportunidad de sustentar todo lo presentado, y ampliar lo reclamado p\u00fablicamente; mientras que el jefe departamental tendr\u00e1 la oportunidad de presentar defensa.<\/p>\n<p style=\"text-align: justify;\">\u201cEn total presentaron 11 puntos en la denuncia. Justamente anoche estuve leyendo todo. Nosotros vamos a estar estudiando y luego vamos a escucharlos, as\u00ed como hicimos con otras intervenciones\u201d, dijo el legislador Paniagua.<\/p>\n<p style=\"text-align: justify;\">Por \u00faltimo, aclar\u00f3 que el dictamen ser\u00e1 el \u00faltimo paso dentro del marco del trabajo que le corresponde efectuar a la comisi\u00f3n especial.<\/p>\n<p style=\"text-align: justify;\">\u201cHay que se\u00f1alar que el hecho de que nosotros vayamos a la Gobernaci\u00f3n no quiere decir que ya vamos a sacar un juicio; simplemente vamos a constatar denuncias para posteriormente dar oportunidad a todos los sectores, escucharlos, y luego analizar la situaci\u00f3n objetivamente\u201d, finaliz\u00f3. Fuente: Diputados.<\/p>\n","protected":false},"excerpt":{"rendered":"<p>El titular de la comisi\u00f3n especial que investiga el pedido de intervenci\u00f3n de la Gobernaci\u00f3n del Departamento de Guair\u00e1, diputado \u00c1ngel Paniagua, confirm\u00f3 que los integrantes del bloque parten esta&hellip; <\/p>\n","protected":false},"author":1,"featured_media":43311,"comment_status":"closed","ping_status":"open","sticky":false,"template":"","format":"standard","meta":{"sfsi_plus_gutenberg_text_before_share":"","sfsi_plus_gutenberg_show_text_before_share":"","sfsi_plus_gutenberg_icon_type":"","sfsi_plus_gutenberg_icon_alignemt":"","sfsi_plus_gutenburg_max_per_row":"","footnotes":"","_jetpack_memberships_contains_paid_content":false,"jetpack_publicize_message":"","jetpack_publicize_feature_enabled":true,"jetpack_social_post_already_shared":true,"jetpack_social_options":{"image_generator_settings":{"template":"highway","enabled":false},"version":2}},"categories":[4],"tags":[],"jetpack_publicize_connections":[],"jetpack_sharing_enabled":true,"jetpack_featured_media_url":"https:\/\/agendaparaguay.com\/v2\/wp-content\/uploads\/2022\/04\/gobernacion_guaira.jpg","_links":{"self":[{"href":"https:\/\/agendaparaguay.com\/v2\/wp-json\/wp\/v2\/posts\/43310"}],"collection":[{"href":"https:\/\/agendaparaguay.com\/v2\/wp-json\/wp\/v2\/posts"}],"about":[{"href":"https:\/\/agendaparaguay.com\/v2\/wp-json\/wp\/v2\/types\/post"}],"author":[{"embeddable":true,"href":"https:\/\/agendaparaguay.com\/v2\/wp-json\/wp\/v2\/users\/1"}],"replies":[{"embeddable":true,"href":"https:\/\/agendaparaguay.com\/v2\/wp-json\/wp\/v2\/comments?post=43310"}],"version-history":[{"count":1,"href":"https:\/\/agendaparaguay.com\/v2\/wp-json\/wp\/v2\/posts\/43310\/revisions"}],"predecessor-version":[{"id":43312,"href":"https:\/\/agendaparaguay.com\/v2\/wp-json\/wp\/v2\/posts\/43310\/revisions\/43312"}],"wp:featuredmedia":[{"embeddable":true,"href":"https:\/\/agendaparaguay.com\/v2\/wp-json\/wp\/v2\/media\/43311"}],"wp:attachment":[{"href":"https:\/\/agendaparaguay.com\/v2\/wp-json\/wp\/v2\/media?parent=43310"}],"wp:term":[{"taxonomy":"category","embeddable":true,"href":"https:\/\/agendaparaguay.com\/v2\/wp-json\/wp\/v2\/categories?post=43310"},{"taxonomy":"post_tag","embeddable":true,"href":"https:\/\/agendaparaguay.com\/v2\/wp-json\/wp\/v2\/tags?post=43310"}],"curies":[{"name":"wp","href":"https:\/\/api.w.org\/{rel}","templated":true}]}}