{"id":43551,"date":"2022-05-08T14:17:55","date_gmt":"2022-05-08T18:17:55","guid":{"rendered":"https:\/\/agendaparaguay.com\/v2\/?p=43551"},"modified":"2022-05-08T14:17:55","modified_gmt":"2022-05-08T18:17:55","slug":"plantean-habilitar-un-nuevo-periodo-para-inscripcion-de-nonatos-en-el-registro-civil","status":"publish","type":"post","link":"https:\/\/agendaparaguay.com\/v2\/2022\/05\/08\/plantean-habilitar-un-nuevo-periodo-para-inscripcion-de-nonatos-en-el-registro-civil\/","title":{"rendered":"Plantean habilitar un nuevo periodo para inscripci\u00f3n de nonatos en el Registro Civil"},"content":{"rendered":"<p style=\"text-align: justify;\">La diputada colorada Del Pilar Medina present\u00f3 en la c\u00e1mara de Diputados un proyecto de ley \u201cQue modifica el art\u00edculo 1\u00ba de la Ley 6546 \u201cQue modifica el art\u00edculo 11 de la Ley N\u00b0 5833\/2017, Que establece el Libro de Defunciones de Concebidos no Nacidos en el Registro del Estado Civil\u201d.<!--more--><\/p>\n<p>Es con el objetivo de ampliar, por el t\u00e9rmino de 2 a\u00f1os, el tiempo establecido para la inscripci\u00f3n, en el Registro Civil, de criaturas que fallecieron en el vientre materno.<\/p>\n<p style=\"text-align: justify;\">La mencionada ley, recordemos, habilit\u00f3 la posibilidad de que los beb\u00e9s que mueren en el vientre materno puedan ser reconocidos con nombre y apellido y formar parte del Registro Civil.<\/p>\n<p style=\"text-align: justify;\">Las madres que afrontaron, en ese sentido, una p\u00e9rdida, se unieron e impulsaron esta ley que aseguran es un paso para devolverles la dignidad a sus hijos.<\/p>\n<p style=\"text-align: justify;\">Es importante mencionar que, originalmente, se previ\u00f3 un lapso de tiempo de 3 meses para la inscripci\u00f3n de todos los fallecidos en el vientre materno, sin importar el tiempo que haya transcurrido desde el fallecimiento; ese tiempo fue insuficiente y, una ley posterior (Ley N\u00ba 6546\/20), dispuso que dicho plazo sea ampliado hasta octubre del 2020.<\/p>\n<p style=\"text-align: justify;\">La diputada Medina considera que a la fecha es necesario ampliar, de vuelta, el plazo establecido en las leyes anteriores, porque resulta insuficiente para la inscripci\u00f3n de todos los fallecidos.<\/p>\n<p style=\"text-align: justify;\">\u201cPor tr\u00e1mites burocr\u00e1ticos, muchas madres no alcanzaron a completar la inscripci\u00f3n, por lo que, a trav\u00e9s de este proyecto de ley, se pretende ampliar el tiempo y que m\u00e1s madres tengan la posibilidad de realizar el anhelado registro. Es importante se\u00f1alar que esta presentaci\u00f3n se realiza a solicitud de los ciudadanos afectados por la situaci\u00f3n objeto del proyecto de ley\u201d, dijo al respecto la diputada Medina.<\/p>\n<p style=\"text-align: justify;\">Espec\u00edficamente, esta nueva disposici\u00f3n plantea que el Libro de Defunciones de Concebidos no Nacidos por parte del Registro del Estado Civil, est\u00e9 disponible por el plazo de dos a\u00f1os, a los fines de la inscripci\u00f3n de todos los fallecidos en el vientre materno, sin importar el tiempo que haya transcurrido desde el fallecimiento.<\/p>\n<p>El proyecto de ley ser\u00e1 analizado por las comisiones de Legislaci\u00f3n y Codificaci\u00f3n; y en la de Justicia, Trabajo y Previsi\u00f3n Social. Fuente: Diputados<\/p>\n","protected":false},"excerpt":{"rendered":"<p>La diputada colorada Del Pilar Medina present\u00f3 en la c\u00e1mara de Diputados un proyecto de ley \u201cQue modifica el art\u00edculo 1\u00ba de la Ley 6546 \u201cQue modifica el art\u00edculo 11&hellip; <\/p>\n","protected":false},"author":1,"featured_media":4363,"comment_status":"closed","ping_status":"open","sticky":false,"template":"","format":"standard","meta":{"sfsi_plus_gutenberg_text_before_share":"","sfsi_plus_gutenberg_show_text_before_share":"","sfsi_plus_gutenberg_icon_type":"","sfsi_plus_gutenberg_icon_alignemt":"","sfsi_plus_gutenburg_max_per_row":"","footnotes":"","_jetpack_memberships_contains_paid_content":false,"jetpack_publicize_message":"","jetpack_publicize_feature_enabled":true,"jetpack_social_post_already_shared":true,"jetpack_social_options":{"image_generator_settings":{"template":"highway","enabled":false},"version":2}},"categories":[4],"tags":[],"jetpack_publicize_connections":[],"jetpack_sharing_enabled":true,"jetpack_featured_media_url":"https:\/\/agendaparaguay.com\/v2\/wp-content\/uploads\/2019\/02\/dip_del_pilar_medina.jpg","_links":{"self":[{"href":"https:\/\/agendaparaguay.com\/v2\/wp-json\/wp\/v2\/posts\/43551"}],"collection":[{"href":"https:\/\/agendaparaguay.com\/v2\/wp-json\/wp\/v2\/posts"}],"about":[{"href":"https:\/\/agendaparaguay.com\/v2\/wp-json\/wp\/v2\/types\/post"}],"author":[{"embeddable":true,"href":"https:\/\/agendaparaguay.com\/v2\/wp-json\/wp\/v2\/users\/1"}],"replies":[{"embeddable":true,"href":"https:\/\/agendaparaguay.com\/v2\/wp-json\/wp\/v2\/comments?post=43551"}],"version-history":[{"count":1,"href":"https:\/\/agendaparaguay.com\/v2\/wp-json\/wp\/v2\/posts\/43551\/revisions"}],"predecessor-version":[{"id":43552,"href":"https:\/\/agendaparaguay.com\/v2\/wp-json\/wp\/v2\/posts\/43551\/revisions\/43552"}],"wp:featuredmedia":[{"embeddable":true,"href":"https:\/\/agendaparaguay.com\/v2\/wp-json\/wp\/v2\/media\/4363"}],"wp:attachment":[{"href":"https:\/\/agendaparaguay.com\/v2\/wp-json\/wp\/v2\/media?parent=43551"}],"wp:term":[{"taxonomy":"category","embeddable":true,"href":"https:\/\/agendaparaguay.com\/v2\/wp-json\/wp\/v2\/categories?post=43551"},{"taxonomy":"post_tag","embeddable":true,"href":"https:\/\/agendaparaguay.com\/v2\/wp-json\/wp\/v2\/tags?post=43551"}],"curies":[{"name":"wp","href":"https:\/\/api.w.org\/{rel}","templated":true}]}}