{"id":4366,"date":"2019-02-11T16:30:34","date_gmt":"2019-02-11T19:30:34","guid":{"rendered":"http:\/\/agendaparaguay.com\/v2\/?p=4366"},"modified":"2019-02-11T14:01:08","modified_gmt":"2019-02-11T17:01:08","slug":"fiscal-general-destaca-labor-de-uniformados-en-combate-al-crimen-organizado","status":"publish","type":"post","link":"https:\/\/agendaparaguay.com\/v2\/2019\/02\/11\/fiscal-general-destaca-labor-de-uniformados-en-combate-al-crimen-organizado\/","title":{"rendered":"Fiscal General destaca labor de uniformados en combate al crimen organizado"},"content":{"rendered":"<p style=\"text-align: justify;\">La Fiscal General del Estado, Sandra Qui\u00f1onez felicit\u00f3 hoy a los integrantes del Departamento Contra el Crimen Organizado de la Polic\u00eda Nacional y destac\u00f3 el \u00e9xito obtenido en los \u00faltimos operativos y en especial, el que result\u00f3 en la detenci\u00f3n de los presuntos miembros del grupo delictivo liderado por Sergio de Arruda Quintiliano Netto, alias Minotauro, detenido en Brasil la semana pasada.<!--more--><\/p>\n<p style=\"text-align: justify;\">Fue durante una reuni\u00f3n mantenida en la fecha por la titular del Ministerio P\u00fablico con los uniformados.<\/p>\n<p style=\"text-align: justify;\">Qui\u00f1o\u00f1ez agradeci\u00f3 adem\u00e1s el apoyo que brindan a la Unidad Especializada en la Lucha Contra el Crimen Organizado del Ministerio P\u00fablico.<\/p>\n<p style=\"text-align: justify;\">\u201cEl \u00e9xito es producto del trabajo articulado entre ambas unidades y su fortaleza est\u00e1 basada en el buen relacionamiento. Cada trabajo es un riesgo, un riesgo para sus vidas pero estamos orgullosos de nuestros agentes\u201d, resalt\u00f3 la titular de la Fiscal\u00eda.<\/p>\n<p style=\"text-align: justify;\">Agreg\u00f3 que \u00ablos cr\u00edmenes, la corrupci\u00f3n y la mafia organizada no tienen bancada, color o ideolog\u00eda\u00bb y que el Ministerio P\u00fablico lucha contra estos flagelos en base a la neutralidad, autodeterminaci\u00f3n, la independencia y autonom\u00eda de los agentes fiscales.<\/p>\n","protected":false},"excerpt":{"rendered":"<p>La Fiscal General del Estado, Sandra Qui\u00f1onez felicit\u00f3 hoy a los integrantes del Departamento Contra el Crimen Organizado de la Polic\u00eda Nacional y destac\u00f3 el \u00e9xito obtenido en los \u00faltimos&hellip; <\/p>\n","protected":false},"author":1,"featured_media":4369,"comment_status":"open","ping_status":"open","sticky":false,"template":"","format":"standard","meta":{"sfsi_plus_gutenberg_text_before_share":"","sfsi_plus_gutenberg_show_text_before_share":"","sfsi_plus_gutenberg_icon_type":"","sfsi_plus_gutenberg_icon_alignemt":"","sfsi_plus_gutenburg_max_per_row":"","footnotes":"","_jetpack_memberships_contains_paid_content":false,"jetpack_publicize_message":"","jetpack_publicize_feature_enabled":true,"jetpack_social_post_already_shared":false,"jetpack_social_options":{"image_generator_settings":{"template":"highway","enabled":false},"version":2}},"categories":[5],"tags":[],"jetpack_publicize_connections":[],"jetpack_sharing_enabled":true,"jetpack_featured_media_url":"https:\/\/agendaparaguay.com\/v2\/wp-content\/uploads\/2019\/02\/sandra_quinonez_crimen_organizado.jpeg","_links":{"self":[{"href":"https:\/\/agendaparaguay.com\/v2\/wp-json\/wp\/v2\/posts\/4366"}],"collection":[{"href":"https:\/\/agendaparaguay.com\/v2\/wp-json\/wp\/v2\/posts"}],"about":[{"href":"https:\/\/agendaparaguay.com\/v2\/wp-json\/wp\/v2\/types\/post"}],"author":[{"embeddable":true,"href":"https:\/\/agendaparaguay.com\/v2\/wp-json\/wp\/v2\/users\/1"}],"replies":[{"embeddable":true,"href":"https:\/\/agendaparaguay.com\/v2\/wp-json\/wp\/v2\/comments?post=4366"}],"version-history":[{"count":1,"href":"https:\/\/agendaparaguay.com\/v2\/wp-json\/wp\/v2\/posts\/4366\/revisions"}],"predecessor-version":[{"id":4370,"href":"https:\/\/agendaparaguay.com\/v2\/wp-json\/wp\/v2\/posts\/4366\/revisions\/4370"}],"wp:featuredmedia":[{"embeddable":true,"href":"https:\/\/agendaparaguay.com\/v2\/wp-json\/wp\/v2\/media\/4369"}],"wp:attachment":[{"href":"https:\/\/agendaparaguay.com\/v2\/wp-json\/wp\/v2\/media?parent=4366"}],"wp:term":[{"taxonomy":"category","embeddable":true,"href":"https:\/\/agendaparaguay.com\/v2\/wp-json\/wp\/v2\/categories?post=4366"},{"taxonomy":"post_tag","embeddable":true,"href":"https:\/\/agendaparaguay.com\/v2\/wp-json\/wp\/v2\/tags?post=4366"}],"curies":[{"name":"wp","href":"https:\/\/api.w.org\/{rel}","templated":true}]}}