{"id":43666,"date":"2022-05-11T11:50:34","date_gmt":"2022-05-11T15:50:34","guid":{"rendered":"https:\/\/agendaparaguay.com\/v2\/?p=43666"},"modified":"2022-05-11T13:16:44","modified_gmt":"2022-05-11T17:16:44","slug":"comandante-confirma-que-equipo-de-investigacion-de-la-fiscalia-y-la-policia-ya-esta-en-colombia","status":"publish","type":"post","link":"https:\/\/agendaparaguay.com\/v2\/2022\/05\/11\/comandante-confirma-que-equipo-de-investigacion-de-la-fiscalia-y-la-policia-ya-esta-en-colombia\/","title":{"rendered":"Comandante confirma que equipo de investigaci\u00f3n de la fiscal\u00eda y la polic\u00eda ya est\u00e1 en Colombia"},"content":{"rendered":"<p style=\"text-align: justify;\">El comandante interino de la Polic\u00eda Nacional, Comisario Gilberto Fleitas, confirm\u00f3 que el equipo de polic\u00edas y fiscales ya se encuentran en Colombia para colaborar con la investigaci\u00f3n del asesinato del fiscal paraguayo antidrogas, Marcelo Pecci, ocurrido este martes en Cartagena de Indias.<!--more--><\/p>\n<p style=\"text-align: justify;\">En ese sentido, admiti\u00f3 que el atentado del que fue v\u00edctima el fiscal Pecci tiene consternado a todo el cuerpo policial y en ese sentido, indic\u00f3 que todos los recursos que tiene la instituci\u00f3n est\u00e1n puestos a disposici\u00f3n de los investigadores.<\/p>\n<p style=\"text-align: justify;\">Asimismo inform\u00f3 que la comitiva de fiscales y polic\u00edas ya est\u00e1 en territorio colombiano a fin de seguir de cerca todo el curso investigativo. \u201cEstamos tambi\u00e9n esperando a los colegas que pudieran llegar desde Colombia\u201d, subray\u00f3 este mi\u00e9rcoles en comunicaci\u00f3n con la 680 AM.<\/p>\n<p style=\"text-align: justify;\">El alto jefe policial reconoci\u00f3 que el trabajo de inteligencia desarrollado por los criminales fue bastante, atendiendo al modo en que concretaron el crimen.<\/p>\n<p style=\"text-align: justify;\">Coment\u00f3 que la v\u00edspera ya se reunieron con el equipo del Ministerio P\u00fablico local para delinear estrategias a los efectos de establecer l\u00edneas prioritarias de c\u00f3mo encausar el trabajo.<\/p>\n<p style=\"text-align: justify;\">\u201cHabl\u00e9 tambi\u00e9n por tel\u00e9fono con el director de Polic\u00eda de Colombia y con algunos investigadores y lo primero es verificar las carpetas fiscales que ten\u00eda a su cargo, muchos de ellos son extranjeros que ya est\u00e1n condenados por las acciones del fiscal Pecci, son situaciones que debemos investigar bien para saber cu\u00e1l de las causas est\u00e1 vinculada con lo ocurrido\u201d, exterioriz\u00f3.<\/p>\n<p style=\"text-align: justify;\">En esa misma l\u00ednea, afirm\u00f3 que conf\u00eda en el profesionalismo de las autoridades colombianas y paraguayas. Es probable que la autor\u00eda material sea de Colombia y la orden de asesinarlo haya salido del pa\u00eds, admiti\u00f3.<\/p>\n<p>Sobre el punto, apel\u00f3 a la prudencia y se mostr\u00f3 optimista en que se llegar\u00e1 a las personas que atentaron contra el agente fiscal de la Unidad Especializada de lucha contra el crimen organizado. Fuente: Ip<\/p>\n","protected":false},"excerpt":{"rendered":"<p>El comandante interino de la Polic\u00eda Nacional, Comisario Gilberto Fleitas, confirm\u00f3 que el equipo de polic\u00edas y fiscales ya se encuentran en Colombia para colaborar con la investigaci\u00f3n del asesinato&hellip; <\/p>\n","protected":false},"author":1,"featured_media":40412,"comment_status":"closed","ping_status":"open","sticky":false,"template":"","format":"standard","meta":{"sfsi_plus_gutenberg_text_before_share":"","sfsi_plus_gutenberg_show_text_before_share":"","sfsi_plus_gutenberg_icon_type":"","sfsi_plus_gutenberg_icon_alignemt":"","sfsi_plus_gutenburg_max_per_row":"","footnotes":"","_jetpack_memberships_contains_paid_content":false,"jetpack_publicize_message":"","jetpack_publicize_feature_enabled":true,"jetpack_social_post_already_shared":true,"jetpack_social_options":{"image_generator_settings":{"template":"highway","enabled":false},"version":2}},"categories":[5],"tags":[],"jetpack_publicize_connections":[],"jetpack_sharing_enabled":true,"jetpack_featured_media_url":"https:\/\/agendaparaguay.com\/v2\/wp-content\/uploads\/2022\/02\/marito_nuevo_comandante.jpg","_links":{"self":[{"href":"https:\/\/agendaparaguay.com\/v2\/wp-json\/wp\/v2\/posts\/43666"}],"collection":[{"href":"https:\/\/agendaparaguay.com\/v2\/wp-json\/wp\/v2\/posts"}],"about":[{"href":"https:\/\/agendaparaguay.com\/v2\/wp-json\/wp\/v2\/types\/post"}],"author":[{"embeddable":true,"href":"https:\/\/agendaparaguay.com\/v2\/wp-json\/wp\/v2\/users\/1"}],"replies":[{"embeddable":true,"href":"https:\/\/agendaparaguay.com\/v2\/wp-json\/wp\/v2\/comments?post=43666"}],"version-history":[{"count":1,"href":"https:\/\/agendaparaguay.com\/v2\/wp-json\/wp\/v2\/posts\/43666\/revisions"}],"predecessor-version":[{"id":43667,"href":"https:\/\/agendaparaguay.com\/v2\/wp-json\/wp\/v2\/posts\/43666\/revisions\/43667"}],"wp:featuredmedia":[{"embeddable":true,"href":"https:\/\/agendaparaguay.com\/v2\/wp-json\/wp\/v2\/media\/40412"}],"wp:attachment":[{"href":"https:\/\/agendaparaguay.com\/v2\/wp-json\/wp\/v2\/media?parent=43666"}],"wp:term":[{"taxonomy":"category","embeddable":true,"href":"https:\/\/agendaparaguay.com\/v2\/wp-json\/wp\/v2\/categories?post=43666"},{"taxonomy":"post_tag","embeddable":true,"href":"https:\/\/agendaparaguay.com\/v2\/wp-json\/wp\/v2\/tags?post=43666"}],"curies":[{"name":"wp","href":"https:\/\/api.w.org\/{rel}","templated":true}]}}