{"id":43732,"date":"2022-05-12T18:00:18","date_gmt":"2022-05-12T22:00:18","guid":{"rendered":"https:\/\/agendaparaguay.com\/v2\/?p=43732"},"modified":"2022-05-12T23:39:57","modified_gmt":"2022-05-13T03:39:57","slug":"gobierno-oficializa-800-nombramientos-de-los-4-500-previstos-para-personal-de-blanco","status":"publish","type":"post","link":"https:\/\/agendaparaguay.com\/v2\/2022\/05\/12\/gobierno-oficializa-800-nombramientos-de-los-4-500-previstos-para-personal-de-blanco\/","title":{"rendered":"Gobierno oficializa 800 nombramientos de los 4.500 previstos para personal de blanco"},"content":{"rendered":"<p style=\"text-align: justify;\">El Gobierno oficializ\u00f3 el nombramiento del primer grupo de 800 contratados, correspondientes al personal de blanco del Ministerio de Salud P\u00fablica. El beneficio llegar\u00e1 a unos 4.500 profesionales en los pr\u00f3ximos d\u00edas.<!--more--><\/p>\n<p style=\"text-align: justify;\">As\u00ed lo anunci\u00f3 este jueves el ministro de Salud P\u00fablica, Julio Borba, tras reunirse con el presidente de la Rep\u00fablica, Mario Abdo Ben\u00edtez, en la sede del Comando en Jefe en Asunci\u00f3n, donde el mandatario desarroll\u00f3 sus actividades castrenses.<\/p>\n<p style=\"text-align: justify;\">En ese sentido, comunic\u00f3 que el presidente de la Rep\u00fablica, Mario Abdo Ben\u00edtez firm\u00f3 en la fecha el documento por el que se oficializa el nombramiento del primer grupo de profesionales de blanco que estaba en car\u00e1cter de contratados dentro de la cartera sanitaria.<\/p>\n<p style=\"text-align: justify;\">Se trata del primer grupo compuesto por 800 funcionarios que pasan a integrar el plantel de trabajadores permanentes de la cartera sanitaria. El objetivo es ampliar a 4.500 personas el beneficio en los pr\u00f3ximos d\u00edas.<\/p>\n<p style=\"text-align: justify;\">\u201cEsto es posterior a un concurso de m\u00e9ritos y actitudes que se llev\u00f3 a cabo entre diciembre y febrero. Queremos anunciar eso para la tranquilidad de los compa\u00f1eros de blanco del Ministerio de Salud\u201d, inform\u00f3.<br \/>\nPersonal de salud afectado por la pandemia recibir\u00e1 indemnizaci\u00f3n<\/p>\n<p style=\"text-align: justify;\">Por otro lado, el ministro anunci\u00f3 que en la v\u00edspera, el Poder Ejecutivo reglament\u00f3 la Ley N\u00b0 6639\/2020, \u00abque establece medidas de indemnizaci\u00f3n al personal de salud afectado por la pandemia del coronavirus\u00bb.<\/p>\n<p style=\"text-align: justify;\">En el Decreto N\u00b0 7050, se establece que los padres, hijos y\/o c\u00f3nyuge del personal establecido en el art\u00edculo 1\u00b0 de la Ley N\u00b0 6639\/2020, que falleciera por causa del covid-19, durante la Declaraci\u00f3n de Emergencia Sanitaria y hasta tres meses despu\u00e9s de su finalizaci\u00f3n, ser\u00e1n indemnizados por el monto equivalente a 50 salarios m\u00ednimos legales para actividades diversas no especificadas.<\/p>\n<p style=\"text-align: justify;\">\u201cEsto va a llevar un proceso administrativo a los efectos de cumplir con la correspondiente indemnizaci\u00f3n que establece la ley\u201d, subray\u00f3.<\/p>\n<p style=\"text-align: justify;\">En ese contexto, se mostr\u00f3 confiado en que pronto van a efectivizar los pagos. Ahora todo queda en manos de los responsables de Asesor\u00eda Jur\u00eddica de la instituci\u00f3n. fuente: Ip<\/p>\n","protected":false},"excerpt":{"rendered":"<p>El Gobierno oficializ\u00f3 el nombramiento del primer grupo de 800 contratados, correspondientes al personal de blanco del Ministerio de Salud P\u00fablica. El beneficio llegar\u00e1 a unos 4.500 profesionales en los&hellip; <\/p>\n","protected":false},"author":1,"featured_media":35705,"comment_status":"closed","ping_status":"open","sticky":false,"template":"","format":"standard","meta":{"sfsi_plus_gutenberg_text_before_share":"","sfsi_plus_gutenberg_show_text_before_share":"","sfsi_plus_gutenberg_icon_type":"","sfsi_plus_gutenberg_icon_alignemt":"","sfsi_plus_gutenburg_max_per_row":"","footnotes":"","_jetpack_memberships_contains_paid_content":false,"jetpack_publicize_message":"","jetpack_publicize_feature_enabled":true,"jetpack_social_post_already_shared":true,"jetpack_social_options":{"image_generator_settings":{"template":"highway","enabled":false},"version":2}},"categories":[5],"tags":[],"jetpack_publicize_connections":[],"jetpack_sharing_enabled":true,"jetpack_featured_media_url":"https:\/\/agendaparaguay.com\/v2\/wp-content\/uploads\/2021\/08\/ministro_julio_borba_3.jpg","_links":{"self":[{"href":"https:\/\/agendaparaguay.com\/v2\/wp-json\/wp\/v2\/posts\/43732"}],"collection":[{"href":"https:\/\/agendaparaguay.com\/v2\/wp-json\/wp\/v2\/posts"}],"about":[{"href":"https:\/\/agendaparaguay.com\/v2\/wp-json\/wp\/v2\/types\/post"}],"author":[{"embeddable":true,"href":"https:\/\/agendaparaguay.com\/v2\/wp-json\/wp\/v2\/users\/1"}],"replies":[{"embeddable":true,"href":"https:\/\/agendaparaguay.com\/v2\/wp-json\/wp\/v2\/comments?post=43732"}],"version-history":[{"count":1,"href":"https:\/\/agendaparaguay.com\/v2\/wp-json\/wp\/v2\/posts\/43732\/revisions"}],"predecessor-version":[{"id":43733,"href":"https:\/\/agendaparaguay.com\/v2\/wp-json\/wp\/v2\/posts\/43732\/revisions\/43733"}],"wp:featuredmedia":[{"embeddable":true,"href":"https:\/\/agendaparaguay.com\/v2\/wp-json\/wp\/v2\/media\/35705"}],"wp:attachment":[{"href":"https:\/\/agendaparaguay.com\/v2\/wp-json\/wp\/v2\/media?parent=43732"}],"wp:term":[{"taxonomy":"category","embeddable":true,"href":"https:\/\/agendaparaguay.com\/v2\/wp-json\/wp\/v2\/categories?post=43732"},{"taxonomy":"post_tag","embeddable":true,"href":"https:\/\/agendaparaguay.com\/v2\/wp-json\/wp\/v2\/tags?post=43732"}],"curies":[{"name":"wp","href":"https:\/\/api.w.org\/{rel}","templated":true}]}}