{"id":44111,"date":"2022-05-23T17:30:45","date_gmt":"2022-05-23T21:30:45","guid":{"rendered":"https:\/\/agendaparaguay.com\/v2\/?p=44111"},"modified":"2022-05-24T06:57:34","modified_gmt":"2022-05-24T10:57:34","slug":"villarejo-si-queremos-ser-presidente-debemos-saber-que-las-rutas-del-contrabando-y-narcotrafico-son-las-mismas","status":"publish","type":"post","link":"https:\/\/agendaparaguay.com\/v2\/2022\/05\/23\/villarejo-si-queremos-ser-presidente-debemos-saber-que-las-rutas-del-contrabando-y-narcotrafico-son-las-mismas\/","title":{"rendered":"Villarejo: \u201cSi queremos ser presidente debemos saber que las rutas del contrabando y narcotr\u00e1fico son las mismas\u201d"},"content":{"rendered":"<p style=\"text-align: justify;\">Durante el debate realizado en un programa de televisi\u00f3n con miras a las elecciones en el 2023, que cont\u00f3 con la participaci\u00f3n de Sebastian Villarejo, Santiago Pe\u00f1a y Soledad N\u00fa\u00f1ez, el presidenciable por Patria Querida se\u00f1al\u00f3 que \u201csi queremos llegar a ser presidente, debemos saber que las rutas del contrabando de cigarrillo son las mismas que las del narcotr\u00e1fico\u201d.<!--more--><\/p>\n<p style=\"text-align: justify;\">Con respecto al mismo tema, Pe\u00f1a asegur\u00f3 que \u201cnunca se han encontrado armas o drogas con los cargamentos incautados\u201d adem\u00e1s, se\u00f1alo que la tabacalera de Horacio Cartes, Tabesa SA \u201ces el mayor aportante del fisco\u201d, sin embargo, Villarejo retruc\u00f3 la respuesta explicando que \u201cno podemos ser tan laxos y decir solamente que se pagan impuestos y se cobra con factura, tenemos que involucrarnos en este tipo de cosas, con convicci\u00f3n, decisi\u00f3n y coraje\u201d.<\/p>\n<p style=\"text-align: justify;\">Por otra parte, Villarejo se refiri\u00f3 al crimen organizado y a la narcopol\u00edtica en el pa\u00eds \u201ces un problema interinstitucional, si el m\u00e1ximo mandatario no se hace cargo de que haya una conducci\u00f3n entre las fuerzas militares, polic\u00edas, Senad y los ministerios, esto termina siendo un desorden absoluto\u201d. Villarejo tambi\u00e9n record\u00f3 aquel intento desde el Congreso para aprobar la reforma policial \u201clo cual no fue posible gracias a los votos de la bancada de Santi\u201d, dispar\u00f3.<\/p>\n<p style=\"text-align: justify;\">Finalmente, el diputado por PPQ concluy\u00f3 su intervenci\u00f3n, instando a la juventud a participar de la pol\u00edtica, pero buscando hacer las cosas de manera distinta y dejando de lado la vieja pol\u00edtica.<\/p>\n","protected":false},"excerpt":{"rendered":"<p>Durante el debate realizado en un programa de televisi\u00f3n con miras a las elecciones en el 2023, que cont\u00f3 con la participaci\u00f3n de Sebastian Villarejo, Santiago Pe\u00f1a y Soledad N\u00fa\u00f1ez,&hellip; <\/p>\n","protected":false},"author":1,"featured_media":43479,"comment_status":"closed","ping_status":"open","sticky":false,"template":"","format":"standard","meta":{"sfsi_plus_gutenberg_text_before_share":"","sfsi_plus_gutenberg_show_text_before_share":"","sfsi_plus_gutenberg_icon_type":"","sfsi_plus_gutenberg_icon_alignemt":"","sfsi_plus_gutenburg_max_per_row":"","footnotes":"","_jetpack_memberships_contains_paid_content":false,"jetpack_publicize_message":"","jetpack_publicize_feature_enabled":true,"jetpack_social_post_already_shared":true,"jetpack_social_options":{"image_generator_settings":{"template":"highway","enabled":false},"version":2}},"categories":[2],"tags":[],"jetpack_publicize_connections":[],"jetpack_sharing_enabled":true,"jetpack_featured_media_url":"https:\/\/agendaparaguay.com\/v2\/wp-content\/uploads\/2022\/05\/diputado_sebastian_villarejo.jpg","_links":{"self":[{"href":"https:\/\/agendaparaguay.com\/v2\/wp-json\/wp\/v2\/posts\/44111"}],"collection":[{"href":"https:\/\/agendaparaguay.com\/v2\/wp-json\/wp\/v2\/posts"}],"about":[{"href":"https:\/\/agendaparaguay.com\/v2\/wp-json\/wp\/v2\/types\/post"}],"author":[{"embeddable":true,"href":"https:\/\/agendaparaguay.com\/v2\/wp-json\/wp\/v2\/users\/1"}],"replies":[{"embeddable":true,"href":"https:\/\/agendaparaguay.com\/v2\/wp-json\/wp\/v2\/comments?post=44111"}],"version-history":[{"count":1,"href":"https:\/\/agendaparaguay.com\/v2\/wp-json\/wp\/v2\/posts\/44111\/revisions"}],"predecessor-version":[{"id":44112,"href":"https:\/\/agendaparaguay.com\/v2\/wp-json\/wp\/v2\/posts\/44111\/revisions\/44112"}],"wp:featuredmedia":[{"embeddable":true,"href":"https:\/\/agendaparaguay.com\/v2\/wp-json\/wp\/v2\/media\/43479"}],"wp:attachment":[{"href":"https:\/\/agendaparaguay.com\/v2\/wp-json\/wp\/v2\/media?parent=44111"}],"wp:term":[{"taxonomy":"category","embeddable":true,"href":"https:\/\/agendaparaguay.com\/v2\/wp-json\/wp\/v2\/categories?post=44111"},{"taxonomy":"post_tag","embeddable":true,"href":"https:\/\/agendaparaguay.com\/v2\/wp-json\/wp\/v2\/tags?post=44111"}],"curies":[{"name":"wp","href":"https:\/\/api.w.org\/{rel}","templated":true}]}}