{"id":44151,"date":"2022-05-24T12:00:17","date_gmt":"2022-05-24T16:00:17","guid":{"rendered":"https:\/\/agendaparaguay.com\/v2\/?p=44151"},"modified":"2022-05-24T14:32:17","modified_gmt":"2022-05-24T18:32:17","slug":"monges-lo-que-corresponde-al-senado-es-estudiar-la-terna","status":"publish","type":"post","link":"https:\/\/agendaparaguay.com\/v2\/2022\/05\/24\/monges-lo-que-corresponde-al-senado-es-estudiar-la-terna\/","title":{"rendered":"Monges: \u00abLo que corresponde al Senado es estudiar la terna\u00bb"},"content":{"rendered":"<p style=\"text-align: justify;\">El senador colorado Juan Dar\u00edo Monges se\u00f1al\u00f3 que el Consejo de la Magistratura en una instancia independiente al poder legislativo y la terna elaborada en la v\u00edspera debe ser analizada por el pleno de la c\u00e1mara alta para luego remitir dos miembros al Ejecutivo.<!--more--><\/p>\n<p style=\"text-align: justify;\">\u201cNo podemos objetar la decisi\u00f3n aut\u00f3noma que ha tomado el Consejo de la Magistratura de ternar y seguramente con el rigor que amerita hacerlos. Lo que corresponde es estudiar\u201d, expres\u00f3 Monges.<\/p>\n<p style=\"text-align: justify;\">\u201cPor las expresiones que escucho no solo los liberales reclaman porque no es el afiliado a su partido y otros partidos m\u00e1s peque\u00f1os del senado, el llamado es abierto y la determinaci\u00f3n de las ternas es de los miembros del Consejo de la Magistratura y debemos respetar, aunque no nos guste\u201d, a\u00f1adi\u00f3 el legislador.<\/p>\n<p style=\"text-align: justify;\">Monges dijo que no puede adelantar su voto pero que analizar\u00e1 y tomar\u00e1 la decisi\u00f3n. Resalt\u00f3 que en sus a\u00f1os de legislador, no recuerda que en alg\u00fan momento se haya devuelto la terna, tal como plantean en estos momentos.<\/p>\n<p style=\"text-align: justify;\">\u201cTengo cinco periodos como parlamentario y no es razonable devolver, en todo caso, que no re\u00fanan los requisitos para ser nombrados implica una devoluci\u00f3n tacita en todo caso, pero devolver porque no nos gusta la terna no es razonable\u201d, acot\u00f3.<\/p>\n<p style=\"text-align: justify;\">Sobre la supuesta injerencia de Horacio Cartes en la elaboraci\u00f3n de la terna tal como plantea la oposici\u00f3n, Monges dijo \u201cno s\u00e9 qu\u00e9 autoridad tendr\u00eda el cartismo siendo que quienes integran las ternas no son del partido colorado\u201d.<\/p>\n","protected":false},"excerpt":{"rendered":"<p>El senador colorado Juan Dar\u00edo Monges se\u00f1al\u00f3 que el Consejo de la Magistratura en una instancia independiente al poder legislativo y la terna elaborada en la v\u00edspera debe ser analizada&hellip; <\/p>\n","protected":false},"author":1,"featured_media":44152,"comment_status":"closed","ping_status":"open","sticky":false,"template":"","format":"standard","meta":{"sfsi_plus_gutenberg_text_before_share":"","sfsi_plus_gutenberg_show_text_before_share":"","sfsi_plus_gutenberg_icon_type":"","sfsi_plus_gutenberg_icon_alignemt":"","sfsi_plus_gutenburg_max_per_row":"","footnotes":"","_jetpack_memberships_contains_paid_content":false,"jetpack_publicize_message":"","jetpack_publicize_feature_enabled":true,"jetpack_social_post_already_shared":true,"jetpack_social_options":{"image_generator_settings":{"template":"highway","enabled":false},"version":2}},"categories":[3],"tags":[],"jetpack_publicize_connections":[],"jetpack_sharing_enabled":true,"jetpack_featured_media_url":"https:\/\/agendaparaguay.com\/v2\/wp-content\/uploads\/2022\/05\/juan_dario_monges_mayo.jpg","_links":{"self":[{"href":"https:\/\/agendaparaguay.com\/v2\/wp-json\/wp\/v2\/posts\/44151"}],"collection":[{"href":"https:\/\/agendaparaguay.com\/v2\/wp-json\/wp\/v2\/posts"}],"about":[{"href":"https:\/\/agendaparaguay.com\/v2\/wp-json\/wp\/v2\/types\/post"}],"author":[{"embeddable":true,"href":"https:\/\/agendaparaguay.com\/v2\/wp-json\/wp\/v2\/users\/1"}],"replies":[{"embeddable":true,"href":"https:\/\/agendaparaguay.com\/v2\/wp-json\/wp\/v2\/comments?post=44151"}],"version-history":[{"count":1,"href":"https:\/\/agendaparaguay.com\/v2\/wp-json\/wp\/v2\/posts\/44151\/revisions"}],"predecessor-version":[{"id":44153,"href":"https:\/\/agendaparaguay.com\/v2\/wp-json\/wp\/v2\/posts\/44151\/revisions\/44153"}],"wp:featuredmedia":[{"embeddable":true,"href":"https:\/\/agendaparaguay.com\/v2\/wp-json\/wp\/v2\/media\/44152"}],"wp:attachment":[{"href":"https:\/\/agendaparaguay.com\/v2\/wp-json\/wp\/v2\/media?parent=44151"}],"wp:term":[{"taxonomy":"category","embeddable":true,"href":"https:\/\/agendaparaguay.com\/v2\/wp-json\/wp\/v2\/categories?post=44151"},{"taxonomy":"post_tag","embeddable":true,"href":"https:\/\/agendaparaguay.com\/v2\/wp-json\/wp\/v2\/tags?post=44151"}],"curies":[{"name":"wp","href":"https:\/\/api.w.org\/{rel}","templated":true}]}}