{"id":44158,"date":"2022-05-24T15:40:32","date_gmt":"2022-05-24T19:40:32","guid":{"rendered":"https:\/\/agendaparaguay.com\/v2\/?p=44158"},"modified":"2022-05-24T18:10:35","modified_gmt":"2022-05-24T22:10:35","slug":"debaten-sobre-realidad-nacional-en-cuanto-a-defensa-y-seguridad","status":"publish","type":"post","link":"https:\/\/agendaparaguay.com\/v2\/2022\/05\/24\/debaten-sobre-realidad-nacional-en-cuanto-a-defensa-y-seguridad\/","title":{"rendered":"Debaten sobre realidad nacional en cuanto a defensa y seguridad"},"content":{"rendered":"<p style=\"text-align: justify;\">Los integrantes de la Comisi\u00f3n de Defensa Nacional, Seguridad, Inteligencia y Orden Interno, donde es presidente el diputado Carlos Mar\u00eda L\u00f3pez, mantuvieron una reuni\u00f3n con la ex ministra de Defensa Nacional, Mar\u00eda Liz Garc\u00eda de Arnold, con quien analizaron cuestiones de actualidad respecto a la materia.<!--more--><\/p>\n<p style=\"text-align: justify;\">Cabe recordar que la Dra. Garc\u00eda de Arnold fue asesora de la comisi\u00f3n, a\u00f1os atr\u00e1s.<\/p>\n<p style=\"text-align: justify;\">\u201cHablamos de seguridad y de defensa nacional; de la necesidad de que los campos del poder trabajen conjuntamente; de la importancia de fortalecer las instituciones y que cada una de ellas cumpla el rol que, verdaderamente, le corresponde de acuerdo a su naturaleza constitucional\u201d, explic\u00f3 la visitante, quien adem\u00e1s es rectora de una universidad capitalina.<\/p>\n<p style=\"text-align: justify;\">El diputado L\u00f3pez, a su vez, remarc\u00f3 la fundamental importancia de articular estrategias que puedan ser aplicadas en nuestro pa\u00eds, con miras a brindar seguridad a los ciudadanos, sobre todo, en una zona de alto riesgo hoy en d\u00eda, como el departamento de Amambay.<\/p>\n<p style=\"text-align: justify;\">\u201cDebatimos aspectos que hacen a la inseguridad del d\u00eda a d\u00eda. Nos avasalla el caos en este momento\u201d, sentenci\u00f3 el titular de la comisi\u00f3n asesora.<\/p>\n<p style=\"text-align: justify;\">Por otro lado, la Comisi\u00f3n de Defensa dio su visto bueno a un total de seis pedidos de informes que ser\u00e1n remitidos a distintas instituciones y guardan referencia con los \u00faltimos acontecimientos, como el asesinato del intendente de Pedro Juan Caballero, Jos\u00e9 Carlos Acevedo. Fuente: Ip<\/p>\n","protected":false},"excerpt":{"rendered":"<p>Los integrantes de la Comisi\u00f3n de Defensa Nacional, Seguridad, Inteligencia y Orden Interno, donde es presidente el diputado Carlos Mar\u00eda L\u00f3pez, mantuvieron una reuni\u00f3n con la ex ministra de Defensa&hellip; <\/p>\n","protected":false},"author":1,"featured_media":44159,"comment_status":"closed","ping_status":"open","sticky":false,"template":"","format":"standard","meta":{"sfsi_plus_gutenberg_text_before_share":"","sfsi_plus_gutenberg_show_text_before_share":"","sfsi_plus_gutenberg_icon_type":"","sfsi_plus_gutenberg_icon_alignemt":"","sfsi_plus_gutenburg_max_per_row":"","footnotes":"","_jetpack_memberships_contains_paid_content":false,"jetpack_publicize_message":"","jetpack_publicize_feature_enabled":true,"jetpack_social_post_already_shared":true,"jetpack_social_options":{"image_generator_settings":{"template":"highway","enabled":false},"version":2}},"categories":[4],"tags":[],"jetpack_publicize_connections":[],"jetpack_sharing_enabled":true,"jetpack_featured_media_url":"https:\/\/agendaparaguay.com\/v2\/wp-content\/uploads\/2022\/05\/comision_defensa_diputados.jpg","_links":{"self":[{"href":"https:\/\/agendaparaguay.com\/v2\/wp-json\/wp\/v2\/posts\/44158"}],"collection":[{"href":"https:\/\/agendaparaguay.com\/v2\/wp-json\/wp\/v2\/posts"}],"about":[{"href":"https:\/\/agendaparaguay.com\/v2\/wp-json\/wp\/v2\/types\/post"}],"author":[{"embeddable":true,"href":"https:\/\/agendaparaguay.com\/v2\/wp-json\/wp\/v2\/users\/1"}],"replies":[{"embeddable":true,"href":"https:\/\/agendaparaguay.com\/v2\/wp-json\/wp\/v2\/comments?post=44158"}],"version-history":[{"count":1,"href":"https:\/\/agendaparaguay.com\/v2\/wp-json\/wp\/v2\/posts\/44158\/revisions"}],"predecessor-version":[{"id":44160,"href":"https:\/\/agendaparaguay.com\/v2\/wp-json\/wp\/v2\/posts\/44158\/revisions\/44160"}],"wp:featuredmedia":[{"embeddable":true,"href":"https:\/\/agendaparaguay.com\/v2\/wp-json\/wp\/v2\/media\/44159"}],"wp:attachment":[{"href":"https:\/\/agendaparaguay.com\/v2\/wp-json\/wp\/v2\/media?parent=44158"}],"wp:term":[{"taxonomy":"category","embeddable":true,"href":"https:\/\/agendaparaguay.com\/v2\/wp-json\/wp\/v2\/categories?post=44158"},{"taxonomy":"post_tag","embeddable":true,"href":"https:\/\/agendaparaguay.com\/v2\/wp-json\/wp\/v2\/tags?post=44158"}],"curies":[{"name":"wp","href":"https:\/\/api.w.org\/{rel}","templated":true}]}}