{"id":44278,"date":"2022-05-27T13:13:25","date_gmt":"2022-05-27T17:13:25","guid":{"rendered":"https:\/\/agendaparaguay.com\/v2\/?p=44278"},"modified":"2022-05-27T19:46:54","modified_gmt":"2022-05-27T23:46:54","slug":"presidente-veta-polemico-articulo-de-la-ley-de-declaraciones-juradas","status":"publish","type":"post","link":"https:\/\/agendaparaguay.com\/v2\/2022\/05\/27\/presidente-veta-polemico-articulo-de-la-ley-de-declaraciones-juradas\/","title":{"rendered":"Presidente veta pol\u00e9mico art\u00edculo de la Ley de Declaraciones Juradas"},"content":{"rendered":"<p style=\"text-align: justify;\">\u201cEl ministro Hernan Huttemann, jefe de Gabinete Civil de la presidencia de la rep\u00fablica inform\u00f3 en conferencia de prensa que el Presidente de la Rep\u00fablica ha decidido objetar parcialmente el proyecto de ley que pretende modificar la ley n\u00famero 5033 que reglamenta la constituci\u00f3n en lo relativo a la declaraci\u00f3n jurada de bienes.<!--more--><\/p>\n<p style=\"text-align: justify;\">Huttemann, explic\u00f3 que el veto tiene que ver principalmente con el art\u00edculo 14 de la ley vigente, actualmente la ley establece en su primer p\u00e1rrafo la posibilidad que tienen los funcionarios de rectificar en caso de que exista un error o una omisi\u00f3n no imputable al declarante al momento de presentar su declaraci\u00f3n jurada.<\/p>\n<p style=\"text-align: justify;\">\u201cEl segundo p\u00e1rrafo establece el deber que tiene la Contralor\u00eda de denunciar ante el Ministerio P\u00fablico en caso de que existan errores u omisiones imputables al declarante, es decir el primer p\u00e1rrafo establece la posibilidad de rectificar cu\u00e1ndo existen errores y el segundo cuando el deber de denuncia de la contralor\u00eda\u201d indic\u00f3 el secretario de estado.<\/p>\n<p style=\"text-align: justify;\">Huttemann dijo que \u201cel proyecto de ley modificatorio de este art\u00edculo 14 establece en el segundo p\u00e1rrafo la posibilidad de realizar rectificaciones cuantas veces el funcionario considere, si se promulgase el proyecto de ley desaparecer\u00eda ese art\u00edculo de la ley vigente que es el deber de denuncia que tiene la contralor\u00eda cu\u00e1ndo existen indicios de que fue un error o una omisi\u00f3n imputable al declarante que se realiz\u00f3 dolosamente\u201d es decir las mentiras u omisiones sospechosas en la declaraci\u00f3n jurada ser\u00e1n informadas al Ministerio P\u00fablico\u00bb.<\/p>\n<p style=\"text-align: justify;\">\u201cNosotros creemos que este canal de informaci\u00f3n que tiene hoy la contralor\u00eda en su deber de denuncia para remitir al ministerio p\u00fablico cuando hallan indicios, debe seguir, creemos que la contralor\u00eda de la Rep\u00fablica tiene un rol preponderante dentro del sistema de control gubernamental por ende esa fue la base para la toma de decisiones, el resto de las modificaciones no merece objeci\u00f3n del poder ejecutivo\u201d, sentenci\u00f3.<\/p>\n","protected":false},"excerpt":{"rendered":"<p>\u201cEl ministro Hernan Huttemann, jefe de Gabinete Civil de la presidencia de la rep\u00fablica inform\u00f3 en conferencia de prensa que el Presidente de la Rep\u00fablica ha decidido objetar parcialmente el&hellip; <\/p>\n","protected":false},"author":1,"featured_media":11881,"comment_status":"closed","ping_status":"open","sticky":false,"template":"","format":"standard","meta":{"sfsi_plus_gutenberg_text_before_share":"","sfsi_plus_gutenberg_show_text_before_share":"","sfsi_plus_gutenberg_icon_type":"","sfsi_plus_gutenberg_icon_alignemt":"","sfsi_plus_gutenburg_max_per_row":"","footnotes":"","_jetpack_memberships_contains_paid_content":false,"jetpack_publicize_message":"","jetpack_publicize_feature_enabled":true,"jetpack_social_post_already_shared":true,"jetpack_social_options":{"image_generator_settings":{"template":"highway","enabled":false},"version":2}},"categories":[2],"tags":[],"jetpack_publicize_connections":[],"jetpack_sharing_enabled":true,"jetpack_featured_media_url":"https:\/\/agendaparaguay.com\/v2\/wp-content\/uploads\/2019\/08\/hernan_hutteman_asesor_presidencia.png","_links":{"self":[{"href":"https:\/\/agendaparaguay.com\/v2\/wp-json\/wp\/v2\/posts\/44278"}],"collection":[{"href":"https:\/\/agendaparaguay.com\/v2\/wp-json\/wp\/v2\/posts"}],"about":[{"href":"https:\/\/agendaparaguay.com\/v2\/wp-json\/wp\/v2\/types\/post"}],"author":[{"embeddable":true,"href":"https:\/\/agendaparaguay.com\/v2\/wp-json\/wp\/v2\/users\/1"}],"replies":[{"embeddable":true,"href":"https:\/\/agendaparaguay.com\/v2\/wp-json\/wp\/v2\/comments?post=44278"}],"version-history":[{"count":1,"href":"https:\/\/agendaparaguay.com\/v2\/wp-json\/wp\/v2\/posts\/44278\/revisions"}],"predecessor-version":[{"id":44279,"href":"https:\/\/agendaparaguay.com\/v2\/wp-json\/wp\/v2\/posts\/44278\/revisions\/44279"}],"wp:featuredmedia":[{"embeddable":true,"href":"https:\/\/agendaparaguay.com\/v2\/wp-json\/wp\/v2\/media\/11881"}],"wp:attachment":[{"href":"https:\/\/agendaparaguay.com\/v2\/wp-json\/wp\/v2\/media?parent=44278"}],"wp:term":[{"taxonomy":"category","embeddable":true,"href":"https:\/\/agendaparaguay.com\/v2\/wp-json\/wp\/v2\/categories?post=44278"},{"taxonomy":"post_tag","embeddable":true,"href":"https:\/\/agendaparaguay.com\/v2\/wp-json\/wp\/v2\/tags?post=44278"}],"curies":[{"name":"wp","href":"https:\/\/api.w.org\/{rel}","templated":true}]}}