{"id":44282,"date":"2022-05-27T13:50:57","date_gmt":"2022-05-27T17:50:57","guid":{"rendered":"https:\/\/agendaparaguay.com\/v2\/?p=44282"},"modified":"2022-05-27T19:47:40","modified_gmt":"2022-05-27T23:47:40","slug":"asuncion-central-y-alto-parana-registran-aumento-de-casos-de-coronavirus","status":"publish","type":"post","link":"https:\/\/agendaparaguay.com\/v2\/2022\/05\/27\/asuncion-central-y-alto-parana-registran-aumento-de-casos-de-coronavirus\/","title":{"rendered":"Asunci\u00f3n, Central y Alto Paran\u00e1 registran aumento de casos de coronavirus"},"content":{"rendered":"<p style=\"text-align: justify;\">Paraguay registra en las \u00faltimas tres semanas un aumento de casos de coronavirus, tanto en variantes delta y \u00f3micron, siendo esta \u00faltima la que m\u00e1s predomina. La enfermedad actualmente se encuentra en expansi\u00f3n en Asunci\u00f3n y los departamentos Central y Alto Paran\u00e1, respectivamente.<!--more--><\/p>\n<p style=\"text-align: justify;\">La encargada de despacho de la Direcci\u00f3n General de Vigilancia de la Salud, Sandra Irala, inform\u00f3 que en las \u00faltimas tres semanas en Paraguay se registra un aumento sostenido de cuadros de coronavirus.<\/p>\n<p style=\"text-align: justify;\">Detall\u00f3 que la transmisibilidad de la enfermedad va en aumento ya que de cada 10 infectados, se transmiten a 11. \u00abEso debe ir bajando a nueve, siete, etc\u00e9tera para que haya un retroceso\u00bb, afirm\u00f3 Irala este viernes en conferencia de prensa semanal sobre epidemiolog\u00eda.<\/p>\n<p style=\"text-align: justify;\">En cuanto a las muestras evaluadas explic\u00f3 que del total de evaluados el 5% da positivo y por encima de ese rango se considera que la enfermedad se encuentra en expansi\u00f3n.<\/p>\n<p style=\"text-align: justify;\">\u00abEn este momento el riesgo de rebrote por la transmisibilidad aumentada, se concentra en Asunci\u00f3n, Central y Alto Paran\u00e1. Estas zonas probablemente ir\u00e1n mostrando un aumento de casos mayor que el resto del pa\u00eds, pero despu\u00e9s generalmente contin\u00faa al resto del pa\u00eds\u00bb, explic\u00f3.<\/p>\n<p style=\"text-align: justify;\">Irala agreg\u00f3 que en la \u00faltima semana se registraron 364 nuevos casos y tres fallecidos. Del total, 21 requirieron internaci\u00f3n, dos casos se dieron en embarazadas y 10 casos en personal sanitario.<\/p>\n<p style=\"text-align: justify;\">En cuanto a proyecciones de la enfermedad, dijo que en para finales de julio se aguarda que se den la mayor cantidad de muertes que podr\u00eda llegar a rondar 10 muertes diarias si es que permanecen las mismas condiciones que se presentan actualmente.<\/p>\n<p style=\"text-align: justify;\">En ese sentido agreg\u00f3 que para evitar que la enfermedad siga su expansi\u00f3n y bajar la transmisibilidad y muertes es necesario volver a aplicar el lavado de manos y el uso de tapabocas, adem\u00e1s de la aplicaci\u00f3n de las tres dosis de la vacuna anticovid y anti influenza disponibles en todos los vacunatorios a nivel pa\u00eds. Fuente: Ip<\/p>\n<p>&nbsp;<\/p>\n","protected":false},"excerpt":{"rendered":"<p>Paraguay registra en las \u00faltimas tres semanas un aumento de casos de coronavirus, tanto en variantes delta y \u00f3micron, siendo esta \u00faltima la que m\u00e1s predomina. La enfermedad actualmente se&hellip; <\/p>\n","protected":false},"author":1,"featured_media":32006,"comment_status":"closed","ping_status":"open","sticky":false,"template":"","format":"standard","meta":{"sfsi_plus_gutenberg_text_before_share":"","sfsi_plus_gutenberg_show_text_before_share":"","sfsi_plus_gutenberg_icon_type":"","sfsi_plus_gutenberg_icon_alignemt":"","sfsi_plus_gutenburg_max_per_row":"","footnotes":"","_jetpack_memberships_contains_paid_content":false,"jetpack_publicize_message":"","jetpack_publicize_feature_enabled":true,"jetpack_social_post_already_shared":true,"jetpack_social_options":{"image_generator_settings":{"template":"highway","enabled":false},"version":2}},"categories":[5],"tags":[],"jetpack_publicize_connections":[],"jetpack_sharing_enabled":true,"jetpack_featured_media_url":"https:\/\/agendaparaguay.com\/v2\/wp-content\/uploads\/2021\/04\/hospital_encarnacion_uti.jpg","_links":{"self":[{"href":"https:\/\/agendaparaguay.com\/v2\/wp-json\/wp\/v2\/posts\/44282"}],"collection":[{"href":"https:\/\/agendaparaguay.com\/v2\/wp-json\/wp\/v2\/posts"}],"about":[{"href":"https:\/\/agendaparaguay.com\/v2\/wp-json\/wp\/v2\/types\/post"}],"author":[{"embeddable":true,"href":"https:\/\/agendaparaguay.com\/v2\/wp-json\/wp\/v2\/users\/1"}],"replies":[{"embeddable":true,"href":"https:\/\/agendaparaguay.com\/v2\/wp-json\/wp\/v2\/comments?post=44282"}],"version-history":[{"count":1,"href":"https:\/\/agendaparaguay.com\/v2\/wp-json\/wp\/v2\/posts\/44282\/revisions"}],"predecessor-version":[{"id":44283,"href":"https:\/\/agendaparaguay.com\/v2\/wp-json\/wp\/v2\/posts\/44282\/revisions\/44283"}],"wp:featuredmedia":[{"embeddable":true,"href":"https:\/\/agendaparaguay.com\/v2\/wp-json\/wp\/v2\/media\/32006"}],"wp:attachment":[{"href":"https:\/\/agendaparaguay.com\/v2\/wp-json\/wp\/v2\/media?parent=44282"}],"wp:term":[{"taxonomy":"category","embeddable":true,"href":"https:\/\/agendaparaguay.com\/v2\/wp-json\/wp\/v2\/categories?post=44282"},{"taxonomy":"post_tag","embeddable":true,"href":"https:\/\/agendaparaguay.com\/v2\/wp-json\/wp\/v2\/tags?post=44282"}],"curies":[{"name":"wp","href":"https:\/\/api.w.org\/{rel}","templated":true}]}}