{"id":45139,"date":"2022-06-23T17:50:52","date_gmt":"2022-06-23T21:50:52","guid":{"rendered":"https:\/\/agendaparaguay.com\/v2\/?p=45139"},"modified":"2022-06-24T07:13:16","modified_gmt":"2022-06-24T11:13:16","slug":"presidente-resalta-que-cooperacion-internacional-es-clave-para-hacer-frente-al-crimen-organizado","status":"publish","type":"post","link":"https:\/\/agendaparaguay.com\/v2\/2022\/06\/23\/presidente-resalta-que-cooperacion-internacional-es-clave-para-hacer-frente-al-crimen-organizado\/","title":{"rendered":"Presidente resalta que cooperaci\u00f3n internacional es clave para hacer frente al crimen organizado"},"content":{"rendered":"<p style=\"text-align: justify;\">El presidente de la Rep\u00fablica, Mario Abdo Ben\u00edtez, salud\u00f3 a las delegaciones presentes en la reuni\u00f3n de los mecanismos de cooperaci\u00f3n antidrogas de Am\u00e9rica y Europa. Destac\u00f3 los resultados de la cooperaci\u00f3n internacional como el camino para hacer frente al crimen organizado.<!--more--><\/p>\n<p style=\"text-align: justify;\">Este mi\u00e9rcoles inici\u00f3 en Asunci\u00f3n el encuentro anual del Programa de Cooperaci\u00f3n entre Am\u00e9rica Latina, el Caribe y la Uni\u00f3n Europea en Pol\u00edticas sobre Drogas (Copolad III), con representantes de 35 agencias y comisiones antidrogas.<\/p>\n<p style=\"text-align: justify;\">El encuentro analizar\u00e1 las experiencias de cooperaci\u00f3n entre la Uni\u00f3n Europea y pa\u00edses de la regi\u00f3n, as\u00ed como el desarrollo de pol\u00edticas p\u00fablicas para hacer frente a la demanda del consumo de drogas.<\/p>\n<p style=\"text-align: justify;\">El presidente Abdo Ben\u00edtez se traslad\u00f3 hasta la sede de la Conmebol donde se desarrolla la reuni\u00f3n, con la presencia de autoridades como el ministro de Asuntos Exteriores de Italia, Giovanni Tartaglia, entre otras.<\/p>\n<p style=\"text-align: justify;\">La reuni\u00f3n anual de Copolad III inici\u00f3 este martes e ir\u00e1 hasta el mi\u00e9rcoles 23 de junio. Para el viernes 24 est\u00e1 prevista una reuni\u00f3n de alto nivel del Mecanismo de Coordinaci\u00f3n y Cooperaci\u00f3n en Materia de Drogas CELAC-UE, del que Paraguay y Francia ostentan la presidencia pro t\u00e9mpore.<\/p>\n<p style=\"text-align: justify;\">Este organismo de cooperaci\u00f3n es financiado por la Comisi\u00f3n Europea con un monto de 15 millones de euros y una duraci\u00f3n de 4 a\u00f1os. El programa busca promover el intercambio t\u00e9cnico y la cooperaci\u00f3n entre los pa\u00edses de Am\u00e9rica y Europa para la reducci\u00f3n del mercado ilegal y del consumo de estupefacientes en la regi\u00f3n. Fuente: Ip<\/p>\n","protected":false},"excerpt":{"rendered":"<p>El presidente de la Rep\u00fablica, Mario Abdo Ben\u00edtez, salud\u00f3 a las delegaciones presentes en la reuni\u00f3n de los mecanismos de cooperaci\u00f3n antidrogas de Am\u00e9rica y Europa. Destac\u00f3 los resultados de&hellip; <\/p>\n","protected":false},"author":1,"featured_media":45140,"comment_status":"closed","ping_status":"open","sticky":false,"template":"","format":"standard","meta":{"sfsi_plus_gutenberg_text_before_share":"","sfsi_plus_gutenberg_show_text_before_share":"","sfsi_plus_gutenberg_icon_type":"","sfsi_plus_gutenberg_icon_alignemt":"","sfsi_plus_gutenburg_max_per_row":"","footnotes":"","_jetpack_memberships_contains_paid_content":false,"jetpack_publicize_message":"","jetpack_publicize_feature_enabled":true,"jetpack_social_post_already_shared":true,"jetpack_social_options":{"image_generator_settings":{"template":"highway","enabled":false},"version":2}},"categories":[2],"tags":[],"jetpack_publicize_connections":[],"jetpack_sharing_enabled":true,"jetpack_featured_media_url":"https:\/\/agendaparaguay.com\/v2\/wp-content\/uploads\/2022\/06\/marito_senad.jpg","_links":{"self":[{"href":"https:\/\/agendaparaguay.com\/v2\/wp-json\/wp\/v2\/posts\/45139"}],"collection":[{"href":"https:\/\/agendaparaguay.com\/v2\/wp-json\/wp\/v2\/posts"}],"about":[{"href":"https:\/\/agendaparaguay.com\/v2\/wp-json\/wp\/v2\/types\/post"}],"author":[{"embeddable":true,"href":"https:\/\/agendaparaguay.com\/v2\/wp-json\/wp\/v2\/users\/1"}],"replies":[{"embeddable":true,"href":"https:\/\/agendaparaguay.com\/v2\/wp-json\/wp\/v2\/comments?post=45139"}],"version-history":[{"count":1,"href":"https:\/\/agendaparaguay.com\/v2\/wp-json\/wp\/v2\/posts\/45139\/revisions"}],"predecessor-version":[{"id":45141,"href":"https:\/\/agendaparaguay.com\/v2\/wp-json\/wp\/v2\/posts\/45139\/revisions\/45141"}],"wp:featuredmedia":[{"embeddable":true,"href":"https:\/\/agendaparaguay.com\/v2\/wp-json\/wp\/v2\/media\/45140"}],"wp:attachment":[{"href":"https:\/\/agendaparaguay.com\/v2\/wp-json\/wp\/v2\/media?parent=45139"}],"wp:term":[{"taxonomy":"category","embeddable":true,"href":"https:\/\/agendaparaguay.com\/v2\/wp-json\/wp\/v2\/categories?post=45139"},{"taxonomy":"post_tag","embeddable":true,"href":"https:\/\/agendaparaguay.com\/v2\/wp-json\/wp\/v2\/tags?post=45139"}],"curies":[{"name":"wp","href":"https:\/\/api.w.org\/{rel}","templated":true}]}}