{"id":45312,"date":"2022-06-29T18:49:14","date_gmt":"2022-06-29T22:49:14","guid":{"rendered":"https:\/\/agendaparaguay.com\/v2\/?p=45312"},"modified":"2022-06-29T19:20:58","modified_gmt":"2022-06-29T23:20:58","slug":"diputado-alvarenga-exigio-eficiencia-a-interventor-de-gobernacion-de-guaira","status":"publish","type":"post","link":"https:\/\/agendaparaguay.com\/v2\/2022\/06\/29\/diputado-alvarenga-exigio-eficiencia-a-interventor-de-gobernacion-de-guaira\/","title":{"rendered":"Diputado Alvarenga exigi\u00f3 eficiencia a interventor de Gobernaci\u00f3n de Guair\u00e1"},"content":{"rendered":"<p style=\"text-align: justify;\">El diputado liberal Eusebio Alvarenga solicit\u00f3 hoy ante el pleno de la c\u00e1mara de Diputados \u00abtransparencia\u00bb en la tarea de intervenci\u00f3n de la Gobernaci\u00f3n de Guair\u00e1 e inst\u00f3 al interventor, Pablo Adriano Vera Insaurralde, designado, recientemente, por el Poder Ejecutivo, a \u00abhacer su trabajo en forma\u00bb.<!--more--><\/p>\n<p style=\"text-align: justify;\">\u201cPor ejemplo, que anule las contrataciones millonarias con empresas fantasmas\u201d, remarc\u00f3.<\/p>\n<p style=\"text-align: justify;\">Pidi\u00f3 adem\u00e1s elevar los informes en tiempo y forma, de manera que el Legislativo decida si amerita o no la destituci\u00f3n del intendente, Juan Carlos Vera B\u00e1ez (ANR).<\/p>\n<p style=\"text-align: justify;\">La intervenci\u00f3n de dicha gobernaci\u00f3n inici\u00f3 este viernes 24 con el corte administrativo, luego de una serie de denuncias por el supuesto uso indebido de unos USD 2 millones de los fondos de emergencia de Covid-19.<\/p>\n","protected":false},"excerpt":{"rendered":"<p>El diputado liberal Eusebio Alvarenga solicit\u00f3 hoy ante el pleno de la c\u00e1mara de Diputados \u00abtransparencia\u00bb en la tarea de intervenci\u00f3n de la Gobernaci\u00f3n de Guair\u00e1 e inst\u00f3 al interventor,&hellip; <\/p>\n","protected":false},"author":1,"featured_media":5856,"comment_status":"closed","ping_status":"open","sticky":false,"template":"","format":"standard","meta":{"sfsi_plus_gutenberg_text_before_share":"","sfsi_plus_gutenberg_show_text_before_share":"","sfsi_plus_gutenberg_icon_type":"","sfsi_plus_gutenberg_icon_alignemt":"","sfsi_plus_gutenburg_max_per_row":"","footnotes":"","_jetpack_memberships_contains_paid_content":false,"jetpack_publicize_message":"","jetpack_publicize_feature_enabled":true,"jetpack_social_post_already_shared":true,"jetpack_social_options":{"image_generator_settings":{"template":"highway","enabled":false},"version":2}},"categories":[4],"tags":[],"jetpack_publicize_connections":[],"jetpack_sharing_enabled":true,"jetpack_featured_media_url":"https:\/\/agendaparaguay.com\/v2\/wp-content\/uploads\/2019\/03\/dip_eusebio_alvarenga.jpg","_links":{"self":[{"href":"https:\/\/agendaparaguay.com\/v2\/wp-json\/wp\/v2\/posts\/45312"}],"collection":[{"href":"https:\/\/agendaparaguay.com\/v2\/wp-json\/wp\/v2\/posts"}],"about":[{"href":"https:\/\/agendaparaguay.com\/v2\/wp-json\/wp\/v2\/types\/post"}],"author":[{"embeddable":true,"href":"https:\/\/agendaparaguay.com\/v2\/wp-json\/wp\/v2\/users\/1"}],"replies":[{"embeddable":true,"href":"https:\/\/agendaparaguay.com\/v2\/wp-json\/wp\/v2\/comments?post=45312"}],"version-history":[{"count":1,"href":"https:\/\/agendaparaguay.com\/v2\/wp-json\/wp\/v2\/posts\/45312\/revisions"}],"predecessor-version":[{"id":45313,"href":"https:\/\/agendaparaguay.com\/v2\/wp-json\/wp\/v2\/posts\/45312\/revisions\/45313"}],"wp:featuredmedia":[{"embeddable":true,"href":"https:\/\/agendaparaguay.com\/v2\/wp-json\/wp\/v2\/media\/5856"}],"wp:attachment":[{"href":"https:\/\/agendaparaguay.com\/v2\/wp-json\/wp\/v2\/media?parent=45312"}],"wp:term":[{"taxonomy":"category","embeddable":true,"href":"https:\/\/agendaparaguay.com\/v2\/wp-json\/wp\/v2\/categories?post=45312"},{"taxonomy":"post_tag","embeddable":true,"href":"https:\/\/agendaparaguay.com\/v2\/wp-json\/wp\/v2\/tags?post=45312"}],"curies":[{"name":"wp","href":"https:\/\/api.w.org\/{rel}","templated":true}]}}