{"id":45318,"date":"2022-06-29T19:30:13","date_gmt":"2022-06-29T23:30:13","guid":{"rendered":"https:\/\/agendaparaguay.com\/v2\/?p=45318"},"modified":"2022-06-30T06:35:05","modified_gmt":"2022-06-30T10:35:05","slug":"realizan-corte-administrativo-en-la-camara-de-diputados","status":"publish","type":"post","link":"https:\/\/agendaparaguay.com\/v2\/2022\/06\/29\/realizan-corte-administrativo-en-la-camara-de-diputados\/","title":{"rendered":"Realizan corte administrativo en la c\u00e1mara de Diputados"},"content":{"rendered":"<p style=\"text-align: justify;\">En cumplimiento de las disposiciones legales, junto con la Contralor\u00eda General de la Rep\u00fablica (CGR), y bajo supervisi\u00f3n de la Escriban\u00eda Mayor de Gobierno, se procedi\u00f3 al corte administrativo que abre paso al pr\u00f3ximo a\u00f1o legislativo en la C\u00e1mara de Diputados; el \u00faltimo del presente periodo parlamentario.<\/p>\n<p style=\"text-align: justify;\">Dicho acto asegura el cumplimiento de las disposiciones en materia administrativa y la responsabilidad personal de autoridades y funcionarios en materia civil.<\/p>\n<p style=\"text-align: justify;\">El presidente saliente de la instituci\u00f3n, Pedro Alliana (ANR-\u00d1eembuc\u00fa), en uso de palabra, agradeci\u00f3 la colaboraci\u00f3n de sus colegas y del plantel de funcionarios de la C\u00e1mara Baja, al recordar que el trabajo mancomunado ha permitido que el estamento sea distinguido como la mejor instituci\u00f3n del pa\u00eds en el cumplimiento de normas como la Ley de Transparencia y la implementaci\u00f3n del Modelo Est\u00e1ndar de Control Interno del Paraguay (MECIP).<\/p>\n<p style=\"text-align: justify;\">Destac\u00f3 la labor llevada a cabo en momentos muy dif\u00edciles para el pa\u00eds y manifest\u00f3 retirarse tranquilo luego de haber honrado el compromiso.<\/p>\n<p style=\"text-align: justify;\">\u201cLlevo solamente bueno recuerdos. En mi coraz\u00f3n solo tengo gratitud y agradecimiento hacia mis colegas, hacia los funcionarios de la c\u00e1mara. Le deseo suerte y \u00e9xito en el ejercicio de la presidencia al diputado Carlos Mar\u00eda L\u00f3pez. En m\u00ed siempre tendr\u00e1 un compa\u00f1ero leal para dar una mano y llevar por buen camino a la instituci\u00f3n. Debo agradecer a quienes me dieron la oportunidad de ejercer la presidencia; especialmente, a mis colegas de la bancada Honor Colorado, quienes siempre me tuvieron en consideraci\u00f3n en el momento de elegir autoridades\u201d, expres\u00f3 el parlamentario.<\/p>\n<p style=\"text-align: justify;\">Pedro Alliana pondr\u00e1 fin a su etapa como legislador con este periodo parlamentario. Fue titular de la instituci\u00f3n durante un a\u00f1o en el periodo 2013-2018; y durante tres a\u00f1os en el presente periodo constitucional.<\/p>\n<p>\u201cEl pa\u00eds nos necesita unidos\u201d<\/p>\n<p>Posteriormente, el diputado Carlos Mar\u00eda L\u00f3pez quien asumir\u00e1 la titularidad de la C\u00e1mara Baja el 1 de julio, se dirigi\u00f3 a los participantes del acto de corte administrativo y se\u00f1al\u00f3 que los desaf\u00edos pr\u00f3ximos constituyen un gran compromiso y una gran responsabilidad.<\/p>\n<p>\u201cAlliana trat\u00f3 de llevar de la mejor manera posible esta instituci\u00f3n. Ser\u00e1 una gran responsabilidad para m\u00ed llevarla en alto durante este a\u00f1o. Les pido a todos los colegas y a todos los funcionarios que me acompa\u00f1en; eso va a ser muy importante\u201d, manifest\u00f3.<\/p>\n<p>Enfatiz\u00f3 que en estos momentos \u201cel pa\u00eds nos necesita unidos\u201d; y que los partidos pol\u00edticos hacen al Estado paraguayo y la democracia funda su cimiento en ello.<\/p>\n<p>\u201cQue sea un a\u00f1o en el que podamos trabajar entre todos y que juntos podamos lograr el Paraguay que queremos y que so\u00f1amos\u201d, finaliz\u00f3.<\/p>\n<p style=\"text-align: justify;\">Fuente: Diputados.<\/p>\n","protected":false},"excerpt":{"rendered":"<p>En cumplimiento de las disposiciones legales, junto con la Contralor\u00eda General de la Rep\u00fablica (CGR), y bajo supervisi\u00f3n de la Escriban\u00eda Mayor de Gobierno, se procedi\u00f3 al corte administrativo que&hellip; <\/p>\n","protected":false},"author":1,"featured_media":45319,"comment_status":"closed","ping_status":"open","sticky":false,"template":"","format":"standard","meta":{"sfsi_plus_gutenberg_text_before_share":"","sfsi_plus_gutenberg_show_text_before_share":"","sfsi_plus_gutenberg_icon_type":"","sfsi_plus_gutenberg_icon_alignemt":"","sfsi_plus_gutenburg_max_per_row":"","footnotes":"","_jetpack_memberships_contains_paid_content":false,"jetpack_publicize_message":"","jetpack_publicize_feature_enabled":true,"jetpack_social_post_already_shared":true,"jetpack_social_options":{"image_generator_settings":{"template":"highway","enabled":false},"version":2}},"categories":[4],"tags":[],"jetpack_publicize_connections":[],"jetpack_sharing_enabled":true,"jetpack_featured_media_url":"https:\/\/agendaparaguay.com\/v2\/wp-content\/uploads\/2022\/06\/corte_administrativo_diputados.jpg","_links":{"self":[{"href":"https:\/\/agendaparaguay.com\/v2\/wp-json\/wp\/v2\/posts\/45318"}],"collection":[{"href":"https:\/\/agendaparaguay.com\/v2\/wp-json\/wp\/v2\/posts"}],"about":[{"href":"https:\/\/agendaparaguay.com\/v2\/wp-json\/wp\/v2\/types\/post"}],"author":[{"embeddable":true,"href":"https:\/\/agendaparaguay.com\/v2\/wp-json\/wp\/v2\/users\/1"}],"replies":[{"embeddable":true,"href":"https:\/\/agendaparaguay.com\/v2\/wp-json\/wp\/v2\/comments?post=45318"}],"version-history":[{"count":2,"href":"https:\/\/agendaparaguay.com\/v2\/wp-json\/wp\/v2\/posts\/45318\/revisions"}],"predecessor-version":[{"id":45321,"href":"https:\/\/agendaparaguay.com\/v2\/wp-json\/wp\/v2\/posts\/45318\/revisions\/45321"}],"wp:featuredmedia":[{"embeddable":true,"href":"https:\/\/agendaparaguay.com\/v2\/wp-json\/wp\/v2\/media\/45319"}],"wp:attachment":[{"href":"https:\/\/agendaparaguay.com\/v2\/wp-json\/wp\/v2\/media?parent=45318"}],"wp:term":[{"taxonomy":"category","embeddable":true,"href":"https:\/\/agendaparaguay.com\/v2\/wp-json\/wp\/v2\/categories?post=45318"},{"taxonomy":"post_tag","embeddable":true,"href":"https:\/\/agendaparaguay.com\/v2\/wp-json\/wp\/v2\/tags?post=45318"}],"curies":[{"name":"wp","href":"https:\/\/api.w.org\/{rel}","templated":true}]}}