{"id":45365,"date":"2022-06-30T17:21:58","date_gmt":"2022-06-30T21:21:58","guid":{"rendered":"https:\/\/agendaparaguay.com\/v2\/?p=45365"},"modified":"2022-07-01T06:42:05","modified_gmt":"2022-07-01T10:42:05","slug":"imputan-por-feminicidio-en-el-caso-de-joven-asesinada-en-lambare","status":"publish","type":"post","link":"https:\/\/agendaparaguay.com\/v2\/2022\/06\/30\/imputan-por-feminicidio-en-el-caso-de-joven-asesinada-en-lambare\/","title":{"rendered":"Imputan por \u201cfeminicidio\u201d en el caso de joven asesinada en Lambar\u00e9"},"content":{"rendered":"<p style=\"text-align: justify;\">En el caso de la adolescente de 16 a\u00f1os, asesinada de un disparo en el pecho en Lambar\u00e9 que inicialmente se inform\u00f3 de un supuesto hecho de \u00abExplosi\u00f3n de vapeador\u00bb, la fiscal Gladys Gonz\u00e1lez imput\u00f3 a su medio hermano,\u00a0 de Ayl\u00e9n Peralta, por el Hecho punible de Feminicidio. Se trata de Wilmar Javier Baliero Rodr\u00edguez.<br \/>\n<!--more--><\/p>\n<p style=\"text-align: justify;\">Seg\u00fan un informe preliminar, el joven habr\u00eda tenido una relaci\u00f3n incestuosa con la v\u00edctima, y seg\u00fan otros testigos celaba de la misma.<\/p>\n<p style=\"text-align: justify;\">Tras formular imputaci\u00f3n, la fiscal solicit\u00f3 medida de prisi\u00f3n preventiva<\/p>\n<p style=\"text-align: justify;\">Antecedentes<\/p>\n<p>Cabe destacar que la agente fiscal de la Unidad Zonal de Lambar\u00e9, Gladys Gonz\u00e1lez quien lleva adelante la investigaci\u00f3n de las circunstancias de la muerte de la adolescente de 16 a\u00f1os que tras la necropsia realizada por el Ministerio P\u00fablico se determin\u00f3 que falleci\u00f3 a consecuencia de un impacto de proyectil y no por la explosi\u00f3n de un vapeador. En la fecha de hoy se llev\u00f3 a cabo la reconstrucci\u00f3n de los hechos.<\/p>\n<p style=\"text-align: justify;\">La representante fiscal se constituy\u00f3 en el domicilio de la v\u00edctima y en base a las declaraciones del medio hermano, se desech\u00f3 la versi\u00f3n de supuesto suicidio y la caratula fiscal pas\u00f3 a ser \u00abhomicidio doloso\u00bb.<\/p>\n<p style=\"text-align: justify;\">\u00abEstamos confirmando la hip\u00f3tesis del Ministerio P\u00fablico en lo que se refiere a un homicidio doloso, ya no culposo. Fuimos confirmando con la reconstrucci\u00f3n que hicimos, funcionarios m\u00edos est\u00e1n constituy\u00e9ndose con la gente de criminal\u00edstica y homicidios para ver que otra persona pudo haber colaborado con el objeto, estamos buscando el arma\u00bb, relat\u00f3.<\/p>\n<p style=\"text-align: justify;\">\u00abEsa misma noche a las 23 horas, entreg\u00f3 a otra persona el arma de fuego, esta persona volvi\u00f3 a entregar por sugerencia del aprehendido a otra persona el arma de fuego, porque supuestamente estaba empe\u00f1ada el arma de fuego.\u201d, expres\u00f3 la representante del Ministerio P\u00fablico.<\/p>\n<p>Tras caer en varias contradicciones el joven sindicado como presunto responsable del disparo que acab\u00f3 con la vida de la joven de 16 a\u00f1os, se procedi\u00f3 a imputar a su hermanastro por presunto feminicidio.<\/p>\n","protected":false},"excerpt":{"rendered":"<p>En el caso de la adolescente de 16 a\u00f1os, asesinada de un disparo en el pecho en Lambar\u00e9 que inicialmente se inform\u00f3 de un supuesto hecho de \u00abExplosi\u00f3n de vapeador\u00bb,&hellip; <\/p>\n","protected":false},"author":1,"featured_media":45366,"comment_status":"closed","ping_status":"open","sticky":false,"template":"","format":"standard","meta":{"sfsi_plus_gutenberg_text_before_share":"","sfsi_plus_gutenberg_show_text_before_share":"","sfsi_plus_gutenberg_icon_type":"","sfsi_plus_gutenberg_icon_alignemt":"","sfsi_plus_gutenburg_max_per_row":"","footnotes":"","_jetpack_memberships_contains_paid_content":false,"jetpack_publicize_message":"","jetpack_publicize_feature_enabled":true,"jetpack_social_post_already_shared":true,"jetpack_social_options":{"image_generator_settings":{"template":"highway","enabled":false},"version":2}},"categories":[5],"tags":[],"jetpack_publicize_connections":[],"jetpack_sharing_enabled":true,"jetpack_featured_media_url":"https:\/\/agendaparaguay.com\/v2\/wp-content\/uploads\/2022\/06\/fiscal_gladys_gonzalez_caso_vapeador.jpg","_links":{"self":[{"href":"https:\/\/agendaparaguay.com\/v2\/wp-json\/wp\/v2\/posts\/45365"}],"collection":[{"href":"https:\/\/agendaparaguay.com\/v2\/wp-json\/wp\/v2\/posts"}],"about":[{"href":"https:\/\/agendaparaguay.com\/v2\/wp-json\/wp\/v2\/types\/post"}],"author":[{"embeddable":true,"href":"https:\/\/agendaparaguay.com\/v2\/wp-json\/wp\/v2\/users\/1"}],"replies":[{"embeddable":true,"href":"https:\/\/agendaparaguay.com\/v2\/wp-json\/wp\/v2\/comments?post=45365"}],"version-history":[{"count":4,"href":"https:\/\/agendaparaguay.com\/v2\/wp-json\/wp\/v2\/posts\/45365\/revisions"}],"predecessor-version":[{"id":45370,"href":"https:\/\/agendaparaguay.com\/v2\/wp-json\/wp\/v2\/posts\/45365\/revisions\/45370"}],"wp:featuredmedia":[{"embeddable":true,"href":"https:\/\/agendaparaguay.com\/v2\/wp-json\/wp\/v2\/media\/45366"}],"wp:attachment":[{"href":"https:\/\/agendaparaguay.com\/v2\/wp-json\/wp\/v2\/media?parent=45365"}],"wp:term":[{"taxonomy":"category","embeddable":true,"href":"https:\/\/agendaparaguay.com\/v2\/wp-json\/wp\/v2\/categories?post=45365"},{"taxonomy":"post_tag","embeddable":true,"href":"https:\/\/agendaparaguay.com\/v2\/wp-json\/wp\/v2\/tags?post=45365"}],"curies":[{"name":"wp","href":"https:\/\/api.w.org\/{rel}","templated":true}]}}