{"id":45418,"date":"2022-07-02T10:30:49","date_gmt":"2022-07-02T14:30:49","guid":{"rendered":"https:\/\/agendaparaguay.com\/v2\/?p=45418"},"modified":"2022-07-04T06:42:22","modified_gmt":"2022-07-04T10:42:22","slug":"plantean-construir-hospital-veterinario-publico-para-asistencia-gratuita-a-animales-callejeros","status":"publish","type":"post","link":"https:\/\/agendaparaguay.com\/v2\/2022\/07\/02\/plantean-construir-hospital-veterinario-publico-para-asistencia-gratuita-a-animales-callejeros\/","title":{"rendered":"Plantean construir hospital veterinario p\u00fablico para asistencia gratuita a animales callejeros"},"content":{"rendered":"<p style=\"text-align: justify;\">Se trata del proyecto de ley \u00abQue establece la creaci\u00f3n del Hospital P\u00fablico Veterinario\u00bb, que, seg\u00fan plantea la propuesta de normativa, funcionar\u00e1 en el Jard\u00edn Bot\u00e1nico y Zool\u00f3gico de Asunci\u00f3n. El documento es impulsado por el diputado Hugo Ram\u00edrez.<!--more--><\/p>\n<p style=\"text-align: justify;\">Seg\u00fan explic\u00f3 el proyectista, el objetivo principal es \u00abbrindar asistencia sanitaria gratuita a animales callejeros y a aquellos, cuyos propietarios no puedan hacer frente a los gastos que dicha atenci\u00f3n demanda\u00bb.<\/p>\n<p style=\"text-align: justify;\">Ram\u00edrez resalt\u00f3 que los animales son parte de nuestro entorno y de desarrollo como seres humanos y, por ende, la salud p\u00fablica no debe ser pensada solo para la poblaci\u00f3n humana.<\/p>\n<p style=\"text-align: justify;\">\u201cSe busca la atenci\u00f3n masiva de animales dom\u00e9sticos y callejeros, adem\u00e1s de la concienciaci\u00f3n y sensibilizaci\u00f3n de la sociedad, para que comprenda la importancia de la adopci\u00f3n, tenencia responsable, control demogr\u00e1fico y sanidad animal\u201d, dice parte de la justificaci\u00f3n del proyecto.<\/p>\n<p style=\"text-align: justify;\">En el sitio, seg\u00fan se plantea, se proceder\u00e1 a la vacunaci\u00f3n antirr\u00e1bica, desparasitaci\u00f3n, esterilizaci\u00f3n y atenci\u00f3n de patolog\u00edas de baja, mediana y alta complejidad, contando con asistencia veterinaria general gratuita.<\/p>\n<p style=\"text-align: justify;\">Contar\u00e1, adem\u00e1s, con atenci\u00f3n especializada en d\u00edas h\u00e1biles, horarios y bajo las modalidades que establezca la autoridad de aplicaci\u00f3n. Para los d\u00edas inh\u00e1biles o feriados, se establecer\u00e1 un sistema de guardias que permita atender las urgencias.<\/p>\n<p style=\"text-align: justify;\">Por otro lado, establece que no albergar\u00e1 animales, pero deber\u00e1 trabajar en forma conjunta con organizaciones no gubernamentales y la sociedad civil que cuenten con refugios para animales o que trabajen para lograr la adopci\u00f3n de los mismos.<\/p>\n<p style=\"text-align: justify;\">La propuesta tuvo entrada oficial a la C\u00e1mara de Diputados y fue derivado, para su correspondiente estudio, a las comisiones de Legislaci\u00f3n y Codificaci\u00f3n; y a la de Ecolog\u00eda, Recursos Naturales y Medio Ambiente.<\/p>\n","protected":false},"excerpt":{"rendered":"<p>Se trata del proyecto de ley \u00abQue establece la creaci\u00f3n del Hospital P\u00fablico Veterinario\u00bb, que, seg\u00fan plantea la propuesta de normativa, funcionar\u00e1 en el Jard\u00edn Bot\u00e1nico y Zool\u00f3gico de Asunci\u00f3n.&hellip; <\/p>\n","protected":false},"author":1,"featured_media":44227,"comment_status":"closed","ping_status":"open","sticky":false,"template":"","format":"standard","meta":{"sfsi_plus_gutenberg_text_before_share":"","sfsi_plus_gutenberg_show_text_before_share":"","sfsi_plus_gutenberg_icon_type":"","sfsi_plus_gutenberg_icon_alignemt":"","sfsi_plus_gutenburg_max_per_row":"","footnotes":"","_jetpack_memberships_contains_paid_content":false,"jetpack_publicize_message":"","jetpack_publicize_feature_enabled":true,"jetpack_social_post_already_shared":true,"jetpack_social_options":{"image_generator_settings":{"template":"highway","enabled":false},"version":2}},"categories":[4],"tags":[],"jetpack_publicize_connections":[],"jetpack_sharing_enabled":true,"jetpack_featured_media_url":"https:\/\/agendaparaguay.com\/v2\/wp-content\/uploads\/2022\/05\/hugo_ramirez_dip.jpg","_links":{"self":[{"href":"https:\/\/agendaparaguay.com\/v2\/wp-json\/wp\/v2\/posts\/45418"}],"collection":[{"href":"https:\/\/agendaparaguay.com\/v2\/wp-json\/wp\/v2\/posts"}],"about":[{"href":"https:\/\/agendaparaguay.com\/v2\/wp-json\/wp\/v2\/types\/post"}],"author":[{"embeddable":true,"href":"https:\/\/agendaparaguay.com\/v2\/wp-json\/wp\/v2\/users\/1"}],"replies":[{"embeddable":true,"href":"https:\/\/agendaparaguay.com\/v2\/wp-json\/wp\/v2\/comments?post=45418"}],"version-history":[{"count":1,"href":"https:\/\/agendaparaguay.com\/v2\/wp-json\/wp\/v2\/posts\/45418\/revisions"}],"predecessor-version":[{"id":45419,"href":"https:\/\/agendaparaguay.com\/v2\/wp-json\/wp\/v2\/posts\/45418\/revisions\/45419"}],"wp:featuredmedia":[{"embeddable":true,"href":"https:\/\/agendaparaguay.com\/v2\/wp-json\/wp\/v2\/media\/44227"}],"wp:attachment":[{"href":"https:\/\/agendaparaguay.com\/v2\/wp-json\/wp\/v2\/media?parent=45418"}],"wp:term":[{"taxonomy":"category","embeddable":true,"href":"https:\/\/agendaparaguay.com\/v2\/wp-json\/wp\/v2\/categories?post=45418"},{"taxonomy":"post_tag","embeddable":true,"href":"https:\/\/agendaparaguay.com\/v2\/wp-json\/wp\/v2\/tags?post=45418"}],"curies":[{"name":"wp","href":"https:\/\/api.w.org\/{rel}","templated":true}]}}