{"id":45430,"date":"2022-07-04T07:42:19","date_gmt":"2022-07-04T11:42:19","guid":{"rendered":"https:\/\/agendaparaguay.com\/v2\/?p=45430"},"modified":"2022-07-04T09:32:40","modified_gmt":"2022-07-04T13:32:40","slug":"detienen-a-escolta-presidencial-tras-perpetrar-un-asalto-en-san-lorenzo","status":"publish","type":"post","link":"https:\/\/agendaparaguay.com\/v2\/2022\/07\/04\/detienen-a-escolta-presidencial-tras-perpetrar-un-asalto-en-san-lorenzo\/","title":{"rendered":"Detienen a escolta presidencial tras perpetrar un asalto en San Lorenzo"},"content":{"rendered":"<p style=\"text-align: justify;\">Detienen a miembro del escolta presidencial activo fue detenido en el marco de una balacera con la polic\u00eda luego de perpetrar un asalto a una playa de autos de San Lorenzo.<!--more--><\/p>\n<p style=\"text-align: justify;\">Se trata de Fabio Arnaldo Torres Chaparro, 46 a\u00f1os, integrante activo del Regimiento Escolta presidencial. El mismo integrar\u00eda una banda de asaltantes y esta ma\u00f1ana, se enfrent\u00f3 a la polic\u00eda tras un fallido asalto a un local de venta de autos en San Lorenzo.<\/p>\n<p style=\"text-align: justify;\">Seg\u00fan confirm\u00f3 el Comisario Fabio Torres, los 3 detenidos quedaron heridos, en tanto que uno de ellos se dio a la fuga. Todos fueron derivados al Centro de Salud de Callei de San Lorenzo.<\/p>\n<p>Los otros dos detenidos fueron identificados como L\u00edder Ben\u00edtez Ayala, 37 a\u00f1os y Diosnel Vega C\u00e1ceres, 40 a\u00f1os, con orden de captura pendiente.<\/p>\n<p style=\"text-align: justify;\">\n","protected":false},"excerpt":{"rendered":"<p>Detienen a miembro del escolta presidencial activo fue detenido en el marco de una balacera con la polic\u00eda luego de perpetrar un asalto a una playa de autos de San&hellip; <\/p>\n","protected":false},"author":1,"featured_media":45431,"comment_status":"closed","ping_status":"open","sticky":false,"template":"","format":"standard","meta":{"sfsi_plus_gutenberg_text_before_share":"","sfsi_plus_gutenberg_show_text_before_share":"","sfsi_plus_gutenberg_icon_type":"","sfsi_plus_gutenberg_icon_alignemt":"","sfsi_plus_gutenburg_max_per_row":"","footnotes":"","_jetpack_memberships_contains_paid_content":false,"jetpack_publicize_message":"","jetpack_publicize_feature_enabled":true,"jetpack_social_post_already_shared":true,"jetpack_social_options":{"image_generator_settings":{"template":"highway","enabled":false},"version":2}},"categories":[5],"tags":[],"jetpack_publicize_connections":[],"jetpack_sharing_enabled":true,"jetpack_featured_media_url":"https:\/\/agendaparaguay.com\/v2\/wp-content\/uploads\/2022\/07\/crio_caso_escolta.jpg","_links":{"self":[{"href":"https:\/\/agendaparaguay.com\/v2\/wp-json\/wp\/v2\/posts\/45430"}],"collection":[{"href":"https:\/\/agendaparaguay.com\/v2\/wp-json\/wp\/v2\/posts"}],"about":[{"href":"https:\/\/agendaparaguay.com\/v2\/wp-json\/wp\/v2\/types\/post"}],"author":[{"embeddable":true,"href":"https:\/\/agendaparaguay.com\/v2\/wp-json\/wp\/v2\/users\/1"}],"replies":[{"embeddable":true,"href":"https:\/\/agendaparaguay.com\/v2\/wp-json\/wp\/v2\/comments?post=45430"}],"version-history":[{"count":3,"href":"https:\/\/agendaparaguay.com\/v2\/wp-json\/wp\/v2\/posts\/45430\/revisions"}],"predecessor-version":[{"id":45438,"href":"https:\/\/agendaparaguay.com\/v2\/wp-json\/wp\/v2\/posts\/45430\/revisions\/45438"}],"wp:featuredmedia":[{"embeddable":true,"href":"https:\/\/agendaparaguay.com\/v2\/wp-json\/wp\/v2\/media\/45431"}],"wp:attachment":[{"href":"https:\/\/agendaparaguay.com\/v2\/wp-json\/wp\/v2\/media?parent=45430"}],"wp:term":[{"taxonomy":"category","embeddable":true,"href":"https:\/\/agendaparaguay.com\/v2\/wp-json\/wp\/v2\/categories?post=45430"},{"taxonomy":"post_tag","embeddable":true,"href":"https:\/\/agendaparaguay.com\/v2\/wp-json\/wp\/v2\/tags?post=45430"}],"curies":[{"name":"wp","href":"https:\/\/api.w.org\/{rel}","templated":true}]}}