{"id":45469,"date":"2022-07-05T12:00:27","date_gmt":"2022-07-05T16:00:27","guid":{"rendered":"https:\/\/agendaparaguay.com\/v2\/?p=45469"},"modified":"2022-07-05T14:31:15","modified_gmt":"2022-07-05T18:31:15","slug":"piden-legislar-con-rigor-tecnico-sobre-etiquetados-de-alimentos","status":"publish","type":"post","link":"https:\/\/agendaparaguay.com\/v2\/2022\/07\/05\/piden-legislar-con-rigor-tecnico-sobre-etiquetados-de-alimentos\/","title":{"rendered":"Piden legislar con rigor t\u00e9cnico sobre etiquetados de alimentos"},"content":{"rendered":"<p style=\"text-align: justify;\">La Senadora Lilian Samaniego recibi\u00f3 esta ma\u00f1ana a directivos de la C\u00e1mara de Empresas Paraguayas de la Alimentaci\u00f3n (CEPALI), en la sede legislativa y abordaron temas relacionados a la presentaci\u00f3n de un proyecto de ley sobre etiquetados alimenticios, entre otros.<!--more--><\/p>\n<p style=\"text-align: justify;\">\u201cVamos a respaldar a este sector formal de la sociedad que busca salir adelante y generar empleo. Queremos ser gestores de proyectos de ley que mejoren el trabajo de ellos que generan empleo y ayudan al comercio frontal\u201d, expres\u00f3 la senadora Samaniego.<\/p>\n<p style=\"text-align: justify;\">Por su parte, el titular de la C\u00e1mara de Empresas Paraguayas de la Alimentaci\u00f3n (CEPALI) Carlos Insfr\u00e1n, profundiz\u00f3 sobre algunos aspectos que hacen al sector que integra.<\/p>\n<p style=\"text-align: justify;\">\u201cLa OMS est\u00e1 solicitando etiquetado formal para una informaci\u00f3n r\u00e1pida al consumidor, la industria de alimentos del Paraguay va a cooperar, pero queremos que no sea una barrera al comercio y aunque trabajamos a nivel MERCOSUR al final Uruguay, Brasil y Argentina sacaron sus propias leyes de etiquetados y ahora nos toca a nosotros\u201d, se\u00f1al\u00f3.<\/p>\n<p style=\"text-align: justify;\">\u201cQueremos hacer algo que sea de utilidad para el consumidor y que no sea negativo para la industria, que sea practico, hay que tener en cuenta el contexto actual a nivel nacional y mundial, hay una guerra, hay dificultades comerciales en todo el mundo, hay dificultad de provisi\u00f3n de alimentos en el mundo, hay inflaci\u00f3n por cuestiones del aumento del petr\u00f3leo todo eso genera imprevisibilidad\u201d, a\u00f1adi\u00f3 el empresario.<\/p>\n<p style=\"text-align: justify;\">Indic\u00f3 que el sector atraviesa por un momento m\u00e1s que cr\u00edtico, peor que durante la pandemia, ya que hoy se suma la crisis log\u00edstica a nivel internacional. \u00abEl transporte y el empaquetado aumenta a nivel mundial en 30 a 40%, estamos preocupados, est\u00e1 la mano de obra que nosotros generamos y estamos buscando alianzas p\u00fablico-privado para hacer frente a las situaciones cumpliendo nuestros deberes\u201d, resalt\u00f3.<\/p>\n<p style=\"text-align: justify;\">\u201cLo que pensamos es hacer una evaluaci\u00f3n correcta y hacer algo beneficioso para el pa\u00eds y la sociedad. Tenemos que tener en cuenta que sea algo muy t\u00e9cnico y profesional\u201d, sentenci\u00f3.<\/p>\n","protected":false},"excerpt":{"rendered":"<p>La Senadora Lilian Samaniego recibi\u00f3 esta ma\u00f1ana a directivos de la C\u00e1mara de Empresas Paraguayas de la Alimentaci\u00f3n (CEPALI), en la sede legislativa y abordaron temas relacionados a la presentaci\u00f3n&hellip; <\/p>\n","protected":false},"author":1,"featured_media":45470,"comment_status":"closed","ping_status":"open","sticky":false,"template":"","format":"standard","meta":{"sfsi_plus_gutenberg_text_before_share":"","sfsi_plus_gutenberg_show_text_before_share":"","sfsi_plus_gutenberg_icon_type":"","sfsi_plus_gutenberg_icon_alignemt":"","sfsi_plus_gutenburg_max_per_row":"","footnotes":"","_jetpack_memberships_contains_paid_content":false,"jetpack_publicize_message":"","jetpack_publicize_feature_enabled":true,"jetpack_social_post_already_shared":true,"jetpack_social_options":{"image_generator_settings":{"template":"highway","enabled":false},"version":2}},"categories":[3],"tags":[],"jetpack_publicize_connections":[],"jetpack_sharing_enabled":true,"jetpack_featured_media_url":"https:\/\/agendaparaguay.com\/v2\/wp-content\/uploads\/2022\/07\/lilian_camara_alimentos.jpg","_links":{"self":[{"href":"https:\/\/agendaparaguay.com\/v2\/wp-json\/wp\/v2\/posts\/45469"}],"collection":[{"href":"https:\/\/agendaparaguay.com\/v2\/wp-json\/wp\/v2\/posts"}],"about":[{"href":"https:\/\/agendaparaguay.com\/v2\/wp-json\/wp\/v2\/types\/post"}],"author":[{"embeddable":true,"href":"https:\/\/agendaparaguay.com\/v2\/wp-json\/wp\/v2\/users\/1"}],"replies":[{"embeddable":true,"href":"https:\/\/agendaparaguay.com\/v2\/wp-json\/wp\/v2\/comments?post=45469"}],"version-history":[{"count":1,"href":"https:\/\/agendaparaguay.com\/v2\/wp-json\/wp\/v2\/posts\/45469\/revisions"}],"predecessor-version":[{"id":45471,"href":"https:\/\/agendaparaguay.com\/v2\/wp-json\/wp\/v2\/posts\/45469\/revisions\/45471"}],"wp:featuredmedia":[{"embeddable":true,"href":"https:\/\/agendaparaguay.com\/v2\/wp-json\/wp\/v2\/media\/45470"}],"wp:attachment":[{"href":"https:\/\/agendaparaguay.com\/v2\/wp-json\/wp\/v2\/media?parent=45469"}],"wp:term":[{"taxonomy":"category","embeddable":true,"href":"https:\/\/agendaparaguay.com\/v2\/wp-json\/wp\/v2\/categories?post=45469"},{"taxonomy":"post_tag","embeddable":true,"href":"https:\/\/agendaparaguay.com\/v2\/wp-json\/wp\/v2\/tags?post=45469"}],"curies":[{"name":"wp","href":"https:\/\/api.w.org\/{rel}","templated":true}]}}