{"id":45512,"date":"2022-07-06T13:20:36","date_gmt":"2022-07-06T17:20:36","guid":{"rendered":"https:\/\/agendaparaguay.com\/v2\/?p=45512"},"modified":"2022-07-06T15:52:00","modified_gmt":"2022-07-06T19:52:00","slug":"bachi-nunez-denuncia-terrorismo-financiero-del-oficialismo","status":"publish","type":"post","link":"https:\/\/agendaparaguay.com\/v2\/2022\/07\/06\/bachi-nunez-denuncia-terrorismo-financiero-del-oficialismo\/","title":{"rendered":"\u00abBachi\u00bb N\u00fa\u00f1ez denuncia \u00abterrorismo financiero\u00bb del oficialismo"},"content":{"rendered":"<p style=\"text-align: justify;\">\u201cEl presidente de la rep\u00fablica est\u00e1 en campa\u00f1a a nosotros no nos extra\u00f1a que utilice el ministerio del interior para perseguir al l\u00edder de nuestro movimiento en este caso se acordaran del caso Giuzzio, despu\u00e9s Seprelad, el secretario pol\u00edtico (Mauricio Esp\u00ednola) que filtra todas las informaciones confidenciales de Seprelad y despu\u00e9s ahora el ministro anticorrupci\u00f3n que no ve corrupci\u00f3n en este gobierno pero si est\u00e1 preocupado del famoso avi\u00f3n iran\u00ed, entonces, ahora el presidente viola el secreto bancario aparte de violar la Constituci\u00f3n nacional al candidatarse\u00bb, expres\u00f3 el diputado colorado Basilio \u00abBachi\u00bb N\u00fa\u00f1ez al cuestionar el anuncio hecho ayer por el presidente Abdo Ben\u00edtez sobre cancelaci\u00f3n de transacciones de Tabesa a trav\u00e9s del BNF.<!--more--><\/p>\n<p style=\"text-align: justify;\">N\u00fa\u00f1ez a\u00f1adi\u00f3 que \u00able ve muy callado a la oposici\u00f3n\u00bb, ante estos hechos.<\/p>\n<p style=\"text-align: justify;\">Dijo que el Ejecutivo abiertamente utiliza las instituciones del estado para atacar a la disidencia de su partido en el marco de la campa\u00f1a electoral.<\/p>\n<p style=\"text-align: justify;\">\u00abEntonces el presidente de la rep\u00fablica est\u00e1 en campa\u00f1a. Lamentablemente utiliza el terrorismo financiero para eso as\u00ed como su ex ministro Giuzzio que dijo que la bolsa de valores es una bolsa de delincuentes y al otro d\u00eda Hacienda emite bonos para esa misma bolsa de delincuentes\u201d, resalt\u00f3.<\/p>\n<p style=\"text-align: justify;\">\u00abEl presidente de la rep\u00fablica no se preocupa de lo que pasa en la Armada, ayer se dio de nuevo contrabando a 50 m de la frontera y \u00e9l es el comandante en jefe pero no le destituye a los culpables ni hablo de lo que pas\u00f3 el 12 de junio cuando 40 camiones entraron de contrabando eso es lavado porque despu\u00e9s se convierte en dinero, entonces, el pa\u00eds est\u00e1 a la deriva en piloto autom\u00e1tico y es lo que nos da el presidente de la rep\u00fablica\u201d, a\u00f1adi\u00f3 el parlamentario de Honor Colorado.<\/p>\n<p style=\"text-align: justify;\">Cortar transferencias al exterior a Tabesa. \u201cTodo forma parte de la campa\u00f1a porque de alguna forma es una empresa que se dedica a la industria nacional, hay varias empresas tabacaleras en el pa\u00eds una de las mayores empresas que tributan entonces imag\u00ednate vos que el presidente este informado de algo que est\u00e1 estipulado como secreto bancario y que en senado ahora modificaron y nosotros tenemos una postura ac\u00e1 diputados y bueno demuestra la debilidad institucional que tenemos un ejemplo m\u00e1s es que el ministro destituido Giuzzio est\u00e9 haciendo oficina desde la Senad\u201d<\/p>\n<p style=\"text-align: justify;\">Secreto bancario. \u201cNuestra postura es modificar o rechazar, en todos los pa\u00edses que se precie de tener seriedad el secreto bancario es una instituci\u00f3n entonces Imag\u00ednate que ahora una comisi\u00f3n sepa todos los movimientos que tengan todos los empresarios del pa\u00eds todas las industrias entonces despu\u00e9s eso se filtra hasta podr\u00eda ser beneficioso para posibles secuestros etc\u00e9tera\u201d, sentenci\u00f3.<\/p>\n","protected":false},"excerpt":{"rendered":"<p>\u201cEl presidente de la rep\u00fablica est\u00e1 en campa\u00f1a a nosotros no nos extra\u00f1a que utilice el ministerio del interior para perseguir al l\u00edder de nuestro movimiento en este caso se&hellip; <\/p>\n","protected":false},"author":1,"featured_media":7480,"comment_status":"closed","ping_status":"open","sticky":false,"template":"","format":"standard","meta":{"sfsi_plus_gutenberg_text_before_share":"","sfsi_plus_gutenberg_show_text_before_share":"","sfsi_plus_gutenberg_icon_type":"","sfsi_plus_gutenberg_icon_alignemt":"","sfsi_plus_gutenburg_max_per_row":"","footnotes":"","_jetpack_memberships_contains_paid_content":false,"jetpack_publicize_message":"","jetpack_publicize_feature_enabled":true,"jetpack_social_post_already_shared":true,"jetpack_social_options":{"image_generator_settings":{"template":"highway","enabled":false},"version":2}},"categories":[2],"tags":[],"jetpack_publicize_connections":[],"jetpack_sharing_enabled":true,"jetpack_featured_media_url":"https:\/\/agendaparaguay.com\/v2\/wp-content\/uploads\/2019\/04\/dip_basilio_n\u00fa\u00f1ez_Bachi.jpg","_links":{"self":[{"href":"https:\/\/agendaparaguay.com\/v2\/wp-json\/wp\/v2\/posts\/45512"}],"collection":[{"href":"https:\/\/agendaparaguay.com\/v2\/wp-json\/wp\/v2\/posts"}],"about":[{"href":"https:\/\/agendaparaguay.com\/v2\/wp-json\/wp\/v2\/types\/post"}],"author":[{"embeddable":true,"href":"https:\/\/agendaparaguay.com\/v2\/wp-json\/wp\/v2\/users\/1"}],"replies":[{"embeddable":true,"href":"https:\/\/agendaparaguay.com\/v2\/wp-json\/wp\/v2\/comments?post=45512"}],"version-history":[{"count":1,"href":"https:\/\/agendaparaguay.com\/v2\/wp-json\/wp\/v2\/posts\/45512\/revisions"}],"predecessor-version":[{"id":45513,"href":"https:\/\/agendaparaguay.com\/v2\/wp-json\/wp\/v2\/posts\/45512\/revisions\/45513"}],"wp:featuredmedia":[{"embeddable":true,"href":"https:\/\/agendaparaguay.com\/v2\/wp-json\/wp\/v2\/media\/7480"}],"wp:attachment":[{"href":"https:\/\/agendaparaguay.com\/v2\/wp-json\/wp\/v2\/media?parent=45512"}],"wp:term":[{"taxonomy":"category","embeddable":true,"href":"https:\/\/agendaparaguay.com\/v2\/wp-json\/wp\/v2\/categories?post=45512"},{"taxonomy":"post_tag","embeddable":true,"href":"https:\/\/agendaparaguay.com\/v2\/wp-json\/wp\/v2\/tags?post=45512"}],"curies":[{"name":"wp","href":"https:\/\/api.w.org\/{rel}","templated":true}]}}