{"id":4593,"date":"2019-02-14T12:00:02","date_gmt":"2019-02-14T15:00:02","guid":{"rendered":"http:\/\/agendaparaguay.com\/v2\/?p=4593"},"modified":"2019-02-14T11:55:52","modified_gmt":"2019-02-14T14:55:52","slug":"expulsan-a-kelembu-de-cruzada-nacional","status":"publish","type":"post","link":"https:\/\/agendaparaguay.com\/v2\/2019\/02\/14\/expulsan-a-kelembu-de-cruzada-nacional\/","title":{"rendered":"Expulsan a \u201cKelembu\u201d de Cruzada Nacional"},"content":{"rendered":"<p style=\"text-align: justify;\">Tras su fugaz paso por el ejecutivo municipal y su alianza con una mayor\u00eda zacariista, el partido Cruzada Nacional decidi\u00f3 expulsar de sus filas al concejal Celso \u201cKelembu\u201d Miranda tal como hab\u00eda anunciado la conducci\u00f3n partidaria.<!--more--><\/p>\n<p style=\"text-align: justify;\">Miranda fue sumariado por su conducta por el Tribunal del partido que determin\u00f3 finalmente recomendar la cancelaci\u00f3n y retiro de su afiliaci\u00f3n del registro partidario y del padr\u00f3n del partido.<\/p>\n<p style=\"text-align: justify;\">Su designaci\u00f3n al cargo de Intendente Municipal dur\u00f3 una semana, ya que la c\u00e1mara de Diputados declar\u00f3 ilegal dicho acto y orden\u00f3 a la Junta elegir nuevo intendente. Fue electa para sustituir a Sandra McLeod la concejala Perla de Cabral.<\/p>\n","protected":false},"excerpt":{"rendered":"<p>Tras su fugaz paso por el ejecutivo municipal y su alianza con una mayor\u00eda zacariista, el partido Cruzada Nacional decidi\u00f3 expulsar de sus filas al concejal Celso \u201cKelembu\u201d Miranda tal&hellip; <\/p>\n","protected":false},"author":1,"featured_media":3842,"comment_status":"open","ping_status":"open","sticky":false,"template":"","format":"standard","meta":{"sfsi_plus_gutenberg_text_before_share":"","sfsi_plus_gutenberg_show_text_before_share":"","sfsi_plus_gutenberg_icon_type":"","sfsi_plus_gutenberg_icon_alignemt":"","sfsi_plus_gutenburg_max_per_row":"","footnotes":"","_jetpack_memberships_contains_paid_content":false,"jetpack_publicize_message":"","jetpack_publicize_feature_enabled":true,"jetpack_social_post_already_shared":false,"jetpack_social_options":{"image_generator_settings":{"template":"highway","enabled":false},"version":2}},"categories":[2],"tags":[],"jetpack_publicize_connections":[],"jetpack_sharing_enabled":true,"jetpack_featured_media_url":"https:\/\/agendaparaguay.com\/v2\/wp-content\/uploads\/2019\/02\/juramento_kelembu_1.jpg","_links":{"self":[{"href":"https:\/\/agendaparaguay.com\/v2\/wp-json\/wp\/v2\/posts\/4593"}],"collection":[{"href":"https:\/\/agendaparaguay.com\/v2\/wp-json\/wp\/v2\/posts"}],"about":[{"href":"https:\/\/agendaparaguay.com\/v2\/wp-json\/wp\/v2\/types\/post"}],"author":[{"embeddable":true,"href":"https:\/\/agendaparaguay.com\/v2\/wp-json\/wp\/v2\/users\/1"}],"replies":[{"embeddable":true,"href":"https:\/\/agendaparaguay.com\/v2\/wp-json\/wp\/v2\/comments?post=4593"}],"version-history":[{"count":1,"href":"https:\/\/agendaparaguay.com\/v2\/wp-json\/wp\/v2\/posts\/4593\/revisions"}],"predecessor-version":[{"id":4594,"href":"https:\/\/agendaparaguay.com\/v2\/wp-json\/wp\/v2\/posts\/4593\/revisions\/4594"}],"wp:featuredmedia":[{"embeddable":true,"href":"https:\/\/agendaparaguay.com\/v2\/wp-json\/wp\/v2\/media\/3842"}],"wp:attachment":[{"href":"https:\/\/agendaparaguay.com\/v2\/wp-json\/wp\/v2\/media?parent=4593"}],"wp:term":[{"taxonomy":"category","embeddable":true,"href":"https:\/\/agendaparaguay.com\/v2\/wp-json\/wp\/v2\/categories?post=4593"},{"taxonomy":"post_tag","embeddable":true,"href":"https:\/\/agendaparaguay.com\/v2\/wp-json\/wp\/v2\/tags?post=4593"}],"curies":[{"name":"wp","href":"https:\/\/api.w.org\/{rel}","templated":true}]}}